{"id":296856,"date":"2025-08-05T00:01:12","date_gmt":"2025-08-05T00:01:12","guid":{"rendered":"https:\/\/www.europesays.com\/fr\/296856\/"},"modified":"2025-08-05T00:01:12","modified_gmt":"2025-08-05T00:01:12","slug":"previsions-du-mardi-5-aout-2025-5","status":"publish","type":"post","link":"https:\/\/www.europesays.com\/fr\/296856\/","title":{"rendered":"pr\u00e9visions du mardi 5 ao\u00fbt 2025"},"content":{"rendered":"<p>Toulouse aura la chance de pouvoir profiter d&rsquo;une superbe journ\u00e9e ensoleill\u00e9e. Les valeurs seront comprises entre 17 et 34\u00b0C. Un vent de nord-ouest rafra\u00eechira l\u00e9g\u00e8rement l&rsquo;atmosph\u00e8re. La matin\u00e9e va se trouver tr\u00e8s suffocante : jusqu&rsquo;\u00e0 30\u00b0C. Les temp\u00e9ratures vont enregistrer une augmentation de plusieurs degr\u00e9s pendant l&rsquo;apr\u00e8s-midi. La ville va conna\u00eetre un passage d&rsquo;importantes chaleurs avec des temp\u00e9ratures qui rejoindront parfois les 34\u00b0C. Les grosses chaleurs sont pr\u00e9sentes. Avec des valeurs \u00e9chelonn\u00e9es entre 26 et 32\u00b0C. Entre mardi et mercredi, la nuit sera claire.<\/p>\n<p>Un beau soleil est attendu demain \u00e0 Toulouse. Les temp\u00e9ratures maximums annonc\u00e9es sont \u00e9lev\u00e9es, avec 35\u00b0C. Les valeurs afficheront entre 17 et 35\u00b0C. Un petit vent de nord sera ressenti par les habitants. D\u00e8s le matin, les temp\u00e9ratures \u00e9volueront entre 19 et 30\u2009\u00b0C. Le temps va se r\u00e9chauffer demain apr\u00e8s-midi avec une hausse de plusieurs degr\u00e9s. Prenez garde \u00e0 la vague de chaleur. Des valeurs de 33 \u00e0 35\u00b0C sont attendues. L&rsquo;\u00e9pisode de fortes chaleurs est bien l\u00e0, avec des temp\u00e9ratures qui risqueront d&rsquo;aller \u00e0 34\u00b0C demain soir.<\/p>\n<p>Les jours qui suivent s&rsquo;annoncent similaires. Il va faire un temps assez ensoleill\u00e9 avec des temp\u00e9ratures autour de 39\u00b0C.<\/p>\n<p>Pour se pr\u00e9munir contre les fortes chaleurs, il faut penser \u00e0 boire fr\u00e9quemment ainsi qu&rsquo;\u00e0 bien manger. Couvrez votre peau avec un t-shirt, un bob, de l&rsquo;\u00e9cran solaire et ne vous mettez pas au soleil durant les heures les plus chaudes.<\/p>\n","protected":false},"excerpt":{"rendered":"Toulouse aura la chance de pouvoir profiter d&rsquo;une superbe journ\u00e9e ensoleill\u00e9e. Les valeurs seront comprises entre 17 et&hellip;\n","protected":false},"author":2,"featured_media":296857,"comment_status":"","ping_status":"","sticky":false,"template":"","format":"standard","meta":{"footnotes":""},"categories":[2816],"tags":[1111,11,1777,674,1011,27,2722,2721,12,2680,2119,25,2312],"class_list":{"0":"post-296856","1":"post","2":"type-post","3":"status-publish","4":"format-standard","5":"has-post-thumbnail","7":"category-toulouse","8":"tag-actu","9":"tag-actualites","10":"tag-eu","11":"tag-europe","12":"tag-fr","13":"tag-france","14":"tag-haute-garonne","15":"tag-midi-pyrenees","16":"tag-news","17":"tag-occitanie","18":"tag-previsions-meteo","19":"tag-republique-francaise","20":"tag-toulouse"},"share_on_mastodon":{"url":"https:\/\/pubeurope.com\/@fr\/114973224908040200","error":""},"_links":{"self":[{"href":"https:\/\/www.europesays.com\/fr\/wp-json\/wp\/v2\/posts\/296856","targetHints":{"allow":["GET"]}}],"collection":[{"href":"https:\/\/www.europesays.com\/fr\/wp-json\/wp\/v2\/posts"}],"about":[{"href":"https:\/\/www.europesays.com\/fr\/wp-json\/wp\/v2\/types\/post"}],"author":[{"embeddable":true,"href":"https:\/\/www.europesays.com\/fr\/wp-json\/wp\/v2\/users\/2"}],"replies":[{"embeddable":true,"href":"https:\/\/www.europesays.com\/fr\/wp-json\/wp\/v2\/comments?post=296856"}],"version-history":[{"count":0,"href":"https:\/\/www.europesays.com\/fr\/wp-json\/wp\/v2\/posts\/296856\/revisions"}],"wp:featuredmedia":[{"embeddable":true,"href":"https:\/\/www.europesays.com\/fr\/wp-json\/wp\/v2\/media\/296857"}],"wp:attachment":[{"href":"https:\/\/www.europesays.com\/fr\/wp-json\/wp\/v2\/media?parent=296856"}],"wp:term":[{"taxonomy":"category","embeddable":true,"href":"https:\/\/www.europesays.com\/fr\/wp-json\/wp\/v2\/categories?post=296856"},{"taxonomy":"post_tag","embeddable":true,"href":"https:\/\/www.europesays.com\/fr\/wp-json\/wp\/v2\/tags?post=296856"}],"curies":[{"name":"wp","href":"https:\/\/api.w.org\/{rel}","templated":true}]}}