{"id":296858,"date":"2025-08-05T00:02:13","date_gmt":"2025-08-05T00:02:13","guid":{"rendered":"https:\/\/www.europesays.com\/fr\/296858\/"},"modified":"2025-08-05T00:02:13","modified_gmt":"2025-08-05T00:02:13","slug":"previsions-du-mardi-5-aout-2025-6","status":"publish","type":"post","link":"https:\/\/www.europesays.com\/fr\/296858\/","title":{"rendered":"pr\u00e9visions du mardi 5 ao\u00fbt 2025"},"content":{"rendered":"<p>Il fera 18\u00b0C en moyenne \u00e0 Lille aujourd&rsquo;hui. Un vent de nord-ouest soufflera l\u00e9g\u00e8rement, avec 17 km\/h. Le matin, un grand soleil brillera. Le mercure affichera 18\u00b0C en moyenne. Des \u00e9claircies feront leur apparition dans l&rsquo;apr\u00e8s-midi. C&rsquo;est une hausse de quelques degr\u00e9s que vont conna\u00eetre les temp\u00e9ratures. Les valeurs s&rsquo;\u00e9chelonneront entre 21\u00b0C et 22\u00b0C. Une nuit claire vous attendra entre mardi et mercredi.<\/p>\n<p>Un bel ensoleillement est pr\u00e9vu demain \u00e0 Lille. Une m\u00e9t\u00e9o plus chaude est pr\u00e9vue puisque les temp\u00e9ratures vont enregistrer une augmentation. Il va faire en moyenne 19\u00b0C. Le matin, un vent de nord-ouest rafra\u00eechira quelque peu l&rsquo;atmosph\u00e8re. Les temp\u00e9ratures vont conna\u00eetre une hausse de plusieurs degr\u00e9s dans l&rsquo;apr\u00e8s-midi. Les valeurs seront de 23\u00b0C au minimum et de 25\u00b0C au plus haut. Demain soir, un l\u00e9ger vent de nord-est sera ressenti par les habitants.<\/p>\n<p>Peu d&rsquo;\u00e9volutions pour la suite. Il va faire un temps plut\u00f4t ensoleill\u00e9 avec des temp\u00e9ratures autour de 30\u00b0C.<\/p>\n<p><\/p>\n","protected":false},"excerpt":{"rendered":"Il fera 18\u00b0C en moyenne \u00e0 Lille aujourd&rsquo;hui. Un vent de nord-ouest soufflera l\u00e9g\u00e8rement, avec 17 km\/h. Le&hellip;\n","protected":false},"author":2,"featured_media":296859,"comment_status":"","ping_status":"","sticky":false,"template":"","format":"standard","meta":{"footnotes":""},"categories":[2815],"tags":[1111,11,1777,674,1011,27,811,1307,12,1308,1309,2119,25],"class_list":{"0":"post-296858","1":"post","2":"type-post","3":"status-publish","4":"format-standard","5":"has-post-thumbnail","7":"category-lille","8":"tag-actu","9":"tag-actualites","10":"tag-eu","11":"tag-europe","12":"tag-fr","13":"tag-france","14":"tag-hauts-de-france","15":"tag-lille","16":"tag-news","17":"tag-nord","18":"tag-nord-pas-de-calais","19":"tag-previsions-meteo","20":"tag-republique-francaise"},"share_on_mastodon":{"url":"https:\/\/pubeurope.com\/@fr\/114973228662921059","error":""},"_links":{"self":[{"href":"https:\/\/www.europesays.com\/fr\/wp-json\/wp\/v2\/posts\/296858","targetHints":{"allow":["GET"]}}],"collection":[{"href":"https:\/\/www.europesays.com\/fr\/wp-json\/wp\/v2\/posts"}],"about":[{"href":"https:\/\/www.europesays.com\/fr\/wp-json\/wp\/v2\/types\/post"}],"author":[{"embeddable":true,"href":"https:\/\/www.europesays.com\/fr\/wp-json\/wp\/v2\/users\/2"}],"replies":[{"embeddable":true,"href":"https:\/\/www.europesays.com\/fr\/wp-json\/wp\/v2\/comments?post=296858"}],"version-history":[{"count":0,"href":"https:\/\/www.europesays.com\/fr\/wp-json\/wp\/v2\/posts\/296858\/revisions"}],"wp:featuredmedia":[{"embeddable":true,"href":"https:\/\/www.europesays.com\/fr\/wp-json\/wp\/v2\/media\/296859"}],"wp:attachment":[{"href":"https:\/\/www.europesays.com\/fr\/wp-json\/wp\/v2\/media?parent=296858"}],"wp:term":[{"taxonomy":"category","embeddable":true,"href":"https:\/\/www.europesays.com\/fr\/wp-json\/wp\/v2\/categories?post=296858"},{"taxonomy":"post_tag","embeddable":true,"href":"https:\/\/www.europesays.com\/fr\/wp-json\/wp\/v2\/tags?post=296858"}],"curies":[{"name":"wp","href":"https:\/\/api.w.org\/{rel}","templated":true}]}}