{"id":296860,"date":"2025-08-05T00:03:34","date_gmt":"2025-08-05T00:03:34","guid":{"rendered":"https:\/\/www.europesays.com\/fr\/296860\/"},"modified":"2025-08-05T00:03:34","modified_gmt":"2025-08-05T00:03:34","slug":"retards-trains-supprimes-un-lundi-noir-sur-la-ligne-tgv-lille","status":"publish","type":"post","link":"https:\/\/www.europesays.com\/fr\/296860\/","title":{"rendered":"Retards, trains supprim\u00e9s&#8230; Un lundi noir sur la ligne TGV Lille"},"content":{"rendered":"<p>            Par<br \/>\n        <strong><br \/>\n            <a href=\"https:\/\/actu.fr\/auteur\/bastien-grossin\" title=\"Consulter tous les articles de Bastien Grossin\" target=\"_blank\" rel=\"noopener\">Bastien Grossin<\/a><br \/>\n        <\/strong><\/p>\n<p>        Publi\u00e9 le<\/p>\n<p>            4 ao\u00fbt 2025 \u00e0 13h37        <\/p>\n<p><b>Retards, trains supprim\u00e9s<\/b>, c\u2019est une mauvaise surprise qui attendait les voyageurs du Nord de la France ce lundi 4 ao\u00fbt 2025. En effet, la circulation des <b>TGV<\/b> entre <b data-end=\"710\">Paris et <a href=\"https:\/\/actu.fr\/tag\/lille\" target=\"_blank\" rel=\"noopener\">Lille<\/a> (Nord)<\/b> est gravement perturb\u00e9e depuis <b data-end=\"773\">en raison d\u2019un d\u00e9faut d\u2019alimentation \u00e9lectrique survenu dans le secteur de Moussy, dans le Val-d\u2019Oise. <\/b>Selon la <a href=\"https:\/\/actu.fr\/tag\/sncf\" target=\"_blank\" rel=\"noopener\">SNCF<\/a>, il s\u2019agit d\u2019un d\u00e9faut sur une cat\u00e9naire, le c\u00e2ble \u00e9lectrique qui alimente les trains \u00e0 grande vitesse.<\/p>\n<p>Des retards compris entre 1\u2009h\u200930 et 3\u2009h<\/p>\n<p class=\" wall-content\">Les cons\u00e9quences de cette panne sont importantes sur l\u2019ensemble du trafic\u00a0entre la capitale et le Nord. Les <b data-end=\"1235\">TGV INOUI<\/b>, <b data-end=\"1246\">OUIGO<\/b> et <b data-end=\"1262\">Eurostar<\/b> sont impact\u00e9s, avec des <b data-end=\"1323\">retards compris entre 1\u2009h\u200930 et 3\u2009h<\/b>. En effet, la ligne \u00e0 grande vitesse est totalement interrompue et les trains sont d\u00e9rout\u00e9s par la ligne classique, ce qui allonge in\u00e9vitablement le d\u00e9lai.<\/p>\n<p class=\" wall-content\">Le diagnostic \u00e9tant d\u00e9sormais termin\u00e9, des travaux sont en cours sur place et<b> devraient se poursuivre jusqu\u2019\u00e0 environ 18\u2009h<\/b>. La reprise du trafic est envisag\u00e9e en fin de journ\u00e9e, avec une r\u00e9ouverture partielle de la ligne \u00e0 grande vitesse, sur une seule voie dans les deux sens. Des retards resteront \u00e0 pr\u00e9voir lors de cette phase de reprise.<\/p>\n<p class=\" wall-content\">Si vous \u00eates concern\u00e9 par ce probl\u00e8me, les informations de circulation sont mises \u00e0 jour en temps r\u00e9el sur le site <a href=\"https:\/\/www.sncf-connect.com\/\" target=\"_blank\" rel=\"noopener\">SNCF-connect<\/a>.<\/p>\n<p class=\" wall-content\">Suivez toute l\u2019actualit\u00e9 de vos villes et m\u00e9dias favoris en vous inscrivant \u00e0 <a href=\"https:\/\/moncompte.actu.fr\" title=\"D\u00e9couvez Mon Actu\" rel=\"nofollow noopener\" data-trk=\"{&quot;cta&quot;:{&quot;action&quot;:&quot;https:\\\/\\\/moncompte.actu.fr&quot;,&quot;category&quot;:&quot;mon compte&quot;,&quot;from&quot;:&quot;article footer&quot;,&quot;name&quot;:&quot;Mon actu&quot;,&quot;type&quot;:&quot;cta&quot;}}\" target=\"_blank\">Mon Actu<\/a>.<\/p>\n","protected":false},"excerpt":{"rendered":"Par Bastien Grossin Publi\u00e9 le 4 ao\u00fbt 2025 \u00e0 13h37 Retards, trains supprim\u00e9s, c\u2019est une mauvaise surprise qui&hellip;\n","protected":false},"author":2,"featured_media":296861,"comment_status":"","ping_status":"","sticky":false,"template":"","format":"standard","meta":{"footnotes":""},"categories":[2815],"tags":[1111,11,1777,674,1011,27,811,1307,12,25,2215,104],"class_list":{"0":"post-296860","1":"post","2":"type-post","3":"status-publish","4":"format-standard","5":"has-post-thumbnail","7":"category-lille","8":"tag-actu","9":"tag-actualites","10":"tag-eu","11":"tag-europe","12":"tag-fr","13":"tag-france","14":"tag-hauts-de-france","15":"tag-lille","16":"tag-news","17":"tag-republique-francaise","18":"tag-sncf","19":"tag-societe"},"share_on_mastodon":{"url":"https:\/\/pubeurope.com\/@fr\/114973232505479500","error":""},"_links":{"self":[{"href":"https:\/\/www.europesays.com\/fr\/wp-json\/wp\/v2\/posts\/296860","targetHints":{"allow":["GET"]}}],"collection":[{"href":"https:\/\/www.europesays.com\/fr\/wp-json\/wp\/v2\/posts"}],"about":[{"href":"https:\/\/www.europesays.com\/fr\/wp-json\/wp\/v2\/types\/post"}],"author":[{"embeddable":true,"href":"https:\/\/www.europesays.com\/fr\/wp-json\/wp\/v2\/users\/2"}],"replies":[{"embeddable":true,"href":"https:\/\/www.europesays.com\/fr\/wp-json\/wp\/v2\/comments?post=296860"}],"version-history":[{"count":0,"href":"https:\/\/www.europesays.com\/fr\/wp-json\/wp\/v2\/posts\/296860\/revisions"}],"wp:featuredmedia":[{"embeddable":true,"href":"https:\/\/www.europesays.com\/fr\/wp-json\/wp\/v2\/media\/296861"}],"wp:attachment":[{"href":"https:\/\/www.europesays.com\/fr\/wp-json\/wp\/v2\/media?parent=296860"}],"wp:term":[{"taxonomy":"category","embeddable":true,"href":"https:\/\/www.europesays.com\/fr\/wp-json\/wp\/v2\/categories?post=296860"},{"taxonomy":"post_tag","embeddable":true,"href":"https:\/\/www.europesays.com\/fr\/wp-json\/wp\/v2\/tags?post=296860"}],"curies":[{"name":"wp","href":"https:\/\/api.w.org\/{rel}","templated":true}]}}