{"id":296862,"date":"2025-08-05T00:04:15","date_gmt":"2025-08-05T00:04:15","guid":{"rendered":"https:\/\/www.europesays.com\/fr\/296862\/"},"modified":"2025-08-05T00:04:15","modified_gmt":"2025-08-05T00:04:15","slug":"marseille-renforcera-sa-connectivite-mondiale-avec-deux-nouveaux-cables-sous-marins-dici-2026","status":"publish","type":"post","link":"https:\/\/www.europesays.com\/fr\/296862\/","title":{"rendered":"Marseille renforcera sa connectivit\u00e9 mondiale avec deux nouveaux c\u00e2bles sous-marins d\u2019ici 2026"},"content":{"rendered":"\n<p>Carrefour strat\u00e9gique des voies num\u00e9riques mondiales, Marseille continue de renforcer sa position. Le 24\u00a0juillet dernier, le groupe Orange a ainsi d\u00e9pos\u00e9 une nouvelle demande d\u2019autorisation environnementale pour l\u2019atterrage d\u2019un c\u00e2ble sous-marin de t\u00e9l\u00e9communication, pr\u00e9vu pour arriver sur la plage de la Vieille-Chapelle (8e arrondissement.) \u00e0 l\u2019\u00e9t\u00e9 2026. Sous la d\u00e9nomination EMC\u00a0West, ce c\u00e2ble de fibre optique produit par Alcatel et long de 3\u00a0978 kilom\u00e8tres ralliera la Gr\u00e8ce, Isra\u00ebl et l\u2019Arabie. De quoi remplacer, \u00e0 terme, les liaisons vieillissantes d\u00e9j\u00e0 en place, avec \u00ab\u00a0une tr\u00e8s faible latence et une tr\u00e8s grande capacit\u00e9\u00a0\u00bb, vante Orange dans sa demande d\u2019autorisation. \u00ab\u00a0Il s\u2019inscrit dans un cadre d\u2019int\u00e9r\u00eat strat\u00e9gique de premi\u00e8re importance, en particulier pour la connectivit\u00e9 et la souverainet\u00e9 des t\u00e9l\u00e9communications fran\u00e7aises\u00a0\u00bb, insiste l\u2019op\u00e9rateur qui, contact\u00e9, a indiqu\u00e9 ne pas \u00eatre en mesure de communiquer. Tandis que les d\u00e9fenseurs de l\u2019environnement s\u2019alarment de la multiplication des c\u00e2bles sous-marins et des d\u00e9g\u00e2ts qu\u2019ils peuvent causer, notamment dans les herbiers de posidonie, les porteurs du projet assurent que si le c\u00e2ble doit \u00eatre ensouill\u00e9 \u00e0 une profondeur de 1,50\u00a0m\u00e8tre \u00e0 proximit\u00e9 du rivage, il sera simplement pos\u00e9 et ancr\u00e9 sur le fond par des plongeurs au niveau des herbiers. Son arriv\u00e9e se fera cependant apr\u00e8s celle, annonc\u00e9e d\u00e8s avril\u00a02023 par Orange, d\u2019un autre c\u00e2ble reliant Marseille \u00e0 Bizarte, en Tunisie, cofinanc\u00e9 par la Commission europ\u00e9enne et dont l\u2019atterrage est pr\u00e9vu avant la fin de l\u2019ann\u00e9e.<\/p>\n","protected":false},"excerpt":{"rendered":"Carrefour strat\u00e9gique des voies num\u00e9riques mondiales, Marseille continue de renforcer sa position. Le 24\u00a0juillet dernier, le groupe Orange&hellip;\n","protected":false},"author":2,"featured_media":296863,"comment_status":"","ping_status":"","sticky":false,"template":"","format":"standard","meta":{"footnotes":""},"categories":[2814],"tags":[1111,11,24354,1777,674,1011,27,884,12,882,25],"class_list":{"0":"post-296862","1":"post","2":"type-post","3":"status-publish","4":"format-standard","5":"has-post-thumbnail","7":"category-marseille","8":"tag-actu","9":"tag-actualites","10":"tag-data-centers","11":"tag-eu","12":"tag-europe","13":"tag-fr","14":"tag-france","15":"tag-marseille","16":"tag-news","17":"tag-provence-alpes-cote-dazur","18":"tag-republique-francaise"},"share_on_mastodon":{"url":"https:\/\/pubeurope.com\/@fr\/114973236476287361","error":""},"_links":{"self":[{"href":"https:\/\/www.europesays.com\/fr\/wp-json\/wp\/v2\/posts\/296862","targetHints":{"allow":["GET"]}}],"collection":[{"href":"https:\/\/www.europesays.com\/fr\/wp-json\/wp\/v2\/posts"}],"about":[{"href":"https:\/\/www.europesays.com\/fr\/wp-json\/wp\/v2\/types\/post"}],"author":[{"embeddable":true,"href":"https:\/\/www.europesays.com\/fr\/wp-json\/wp\/v2\/users\/2"}],"replies":[{"embeddable":true,"href":"https:\/\/www.europesays.com\/fr\/wp-json\/wp\/v2\/comments?post=296862"}],"version-history":[{"count":0,"href":"https:\/\/www.europesays.com\/fr\/wp-json\/wp\/v2\/posts\/296862\/revisions"}],"wp:featuredmedia":[{"embeddable":true,"href":"https:\/\/www.europesays.com\/fr\/wp-json\/wp\/v2\/media\/296863"}],"wp:attachment":[{"href":"https:\/\/www.europesays.com\/fr\/wp-json\/wp\/v2\/media?parent=296862"}],"wp:term":[{"taxonomy":"category","embeddable":true,"href":"https:\/\/www.europesays.com\/fr\/wp-json\/wp\/v2\/categories?post=296862"},{"taxonomy":"post_tag","embeddable":true,"href":"https:\/\/www.europesays.com\/fr\/wp-json\/wp\/v2\/tags?post=296862"}],"curies":[{"name":"wp","href":"https:\/\/api.w.org\/{rel}","templated":true}]}}