{"id":296866,"date":"2025-08-05T00:06:10","date_gmt":"2025-08-05T00:06:10","guid":{"rendered":"https:\/\/www.europesays.com\/fr\/296866\/"},"modified":"2025-08-05T00:06:10","modified_gmt":"2025-08-05T00:06:10","slug":"previsions-du-mardi-5-aout-2025-7","status":"publish","type":"post","link":"https:\/\/www.europesays.com\/fr\/296866\/","title":{"rendered":"pr\u00e9visions du mardi 5 ao\u00fbt 2025"},"content":{"rendered":"<p>Un splendide soleil brillera sur Lyon, o\u00f9 la journ\u00e9e s&rsquo;annoncera des plus agr\u00e9ables. Les valeurs seront comprises entre 18 et 31\u00b0C. Prenez garde \u00e0 la vague de chaud au cours de la matin\u00e9e. Des temp\u00e9ratures de 20 \u00e0 30\u00b0C sont annonc\u00e9es. Un vent de nord soufflera un peu, avec 8 km\/h. Les temp\u00e9ratures vont monter pendant l&rsquo;apr\u00e8s-midi de quelques degr\u00e9s. De tr\u00e8s fortes chaleurs (entre 26\u00b0C et 31\u00b0C) sont attendues. Les valeurs s&rsquo;\u00e9chelonneront de 26 \u00e0 31\u00b0C. La ville sera touch\u00e9e par un vent de nord-ouest de 20 km\/h. Le soir, on pr\u00e9voit des temp\u00e9ratures d&rsquo;environ 22\u00b0C. Pendant que vous dormirez, dans la nuit de mardi \u00e0 mercredi, le ciel sera clair.<\/p>\n<p>Demain, les temp\u00e9ratures vont baisser de plusieurs degr\u00e9s \u00e0 Lyon. Il va faire en moyenne 20\u00b0C. Un vent de nord-ouest rafra\u00eechira sensiblement l&rsquo;atmosph\u00e8re. L&rsquo;apparition du soleil le matin sera retard\u00e9e par un certain nombre de nuages. Le ciel va progressivement s&rsquo;obscurcir avec l&rsquo;apparition de nuages. Un superbe soleil va briller et ce, tout au long de l&rsquo;apr\u00e8s-midi. C&rsquo;est une hausse de plusieurs degr\u00e9s que vont conna\u00eetre les temp\u00e9ratures. Les valeurs afficheront entre 23\u00b0C et 27\u00b0C. Demain soir, le mercure affichera 21\u00b0C en moyenne.<\/p>\n<p>Peu d&rsquo;\u00e9volutions pour la suite. Le temps sera ensoleill\u00e9 avec des temp\u00e9ratures avoisinant 36\u00b0C.<\/p>\n<p><\/p>\n","protected":false},"excerpt":{"rendered":"Un splendide soleil brillera sur Lyon, o\u00f9 la journ\u00e9e s&rsquo;annoncera des plus agr\u00e9ables. Les valeurs seront comprises entre&hellip;\n","protected":false},"author":2,"featured_media":296867,"comment_status":"","ping_status":"","sticky":false,"template":"","format":"standard","meta":{"footnotes":""},"categories":[1889],"tags":[1111,11,2430,1777,674,1011,27,2428,12,2119,25,2429,2431],"class_list":{"0":"post-296866","1":"post","2":"type-post","3":"status-publish","4":"format-standard","5":"has-post-thumbnail","7":"category-lyon","8":"tag-actu","9":"tag-actualites","10":"tag-auvergne-rhone-alpes","11":"tag-eu","12":"tag-europe","13":"tag-fr","14":"tag-france","15":"tag-lyon","16":"tag-news","17":"tag-previsions-meteo","18":"tag-republique-francaise","19":"tag-rhone","20":"tag-rhone-alpes"},"share_on_mastodon":{"url":"https:\/\/pubeurope.com\/@fr\/114973244464741033","error":""},"_links":{"self":[{"href":"https:\/\/www.europesays.com\/fr\/wp-json\/wp\/v2\/posts\/296866","targetHints":{"allow":["GET"]}}],"collection":[{"href":"https:\/\/www.europesays.com\/fr\/wp-json\/wp\/v2\/posts"}],"about":[{"href":"https:\/\/www.europesays.com\/fr\/wp-json\/wp\/v2\/types\/post"}],"author":[{"embeddable":true,"href":"https:\/\/www.europesays.com\/fr\/wp-json\/wp\/v2\/users\/2"}],"replies":[{"embeddable":true,"href":"https:\/\/www.europesays.com\/fr\/wp-json\/wp\/v2\/comments?post=296866"}],"version-history":[{"count":0,"href":"https:\/\/www.europesays.com\/fr\/wp-json\/wp\/v2\/posts\/296866\/revisions"}],"wp:featuredmedia":[{"embeddable":true,"href":"https:\/\/www.europesays.com\/fr\/wp-json\/wp\/v2\/media\/296867"}],"wp:attachment":[{"href":"https:\/\/www.europesays.com\/fr\/wp-json\/wp\/v2\/media?parent=296866"}],"wp:term":[{"taxonomy":"category","embeddable":true,"href":"https:\/\/www.europesays.com\/fr\/wp-json\/wp\/v2\/categories?post=296866"},{"taxonomy":"post_tag","embeddable":true,"href":"https:\/\/www.europesays.com\/fr\/wp-json\/wp\/v2\/tags?post=296866"}],"curies":[{"name":"wp","href":"https:\/\/api.w.org\/{rel}","templated":true}]}}