{"id":296869,"date":"2025-08-05T00:10:17","date_gmt":"2025-08-05T00:10:17","guid":{"rendered":"https:\/\/www.europesays.com\/fr\/296869\/"},"modified":"2025-08-05T00:10:17","modified_gmt":"2025-08-05T00:10:17","slug":"france-au-moins-17-eurostar-entre-paris-londres-bruxelles-et-amsterdam-supprimes-apres-un-incident-electrique","status":"publish","type":"post","link":"https:\/\/www.europesays.com\/fr\/296869\/","title":{"rendered":"France\u00a0: au moins 17 Eurostar entre Paris, Londres, Bruxelles et Amsterdam supprim\u00e9s apr\u00e8s un incident \u00e9lectrique"},"content":{"rendered":"<p>Au moins 17 trains Eurostar ont \u00e9t\u00e9 supprim\u00e9s lundi sur la ligne \u00e0 grande vitesse (LGV) nord et toute la ligne est perturb\u00e9e \u00e0 la suite d\u2019un incident \u00e9lectrique, avec des retards pouvant aller jusqu\u2019\u00e0 deux heures, a appris l\u2019AFP aupr\u00e8s d\u2019Eurostar.<\/p>\n<p>Des \u00e9quipes sont sur place \u00ab\u00a0afin de finaliser leur diagnostic et de proc\u00e9der aux r\u00e9parations\u00a0\u00bb, a indiqu\u00e9 \u00e0 l\u2019AFP SNCF R\u00e9seau, qui \u00e9voque un \u00ab\u00a0probl\u00e8me de cat\u00e9naire\u00a0\u00bb. L\u2019incident dont la cause est encore inconnue a eu lieu dans le secteur de Moussy-le-Neuf (Seine-et-Marne).<\/p>\n<p>Au moins 17 trains Eurostar entre Paris et les villes de Londres, Bruxelles et Amsterdam ont \u00e9t\u00e9 annul\u00e9s lundi, et deux trains Paris-Bruxelles et Bruxelles-Paris partis ce matin ont fait demi-tour vers leurs gares d\u2019origine, selon l\u2019entreprise franco-britannique.<\/p>\n<p>Apr\u00e8s l\u2019incident, Eurostar a conseill\u00e9 aux passagers empruntant ces itin\u00e9raires de \u00ab\u00a0reporter leur voyage si possible\u00a0\u00bb. \u00ab\u00a0Ils peuvent \u00e9changer leur billet gratuitement ou demander un remboursement complet\u00a0\u00bb, pr\u00e9cise la compagnie dans un communiqu\u00e9.<\/p>\n","protected":false},"excerpt":{"rendered":"Au moins 17 trains Eurostar ont \u00e9t\u00e9 supprim\u00e9s lundi sur la ligne \u00e0 grande vitesse (LGV) nord et&hellip;\n","protected":false},"author":2,"featured_media":296870,"comment_status":"","ping_status":"","sticky":false,"template":"","format":"standard","meta":{"footnotes":""},"categories":[1888],"tags":[1111,1928,11,1927,1777,674,1011,27,12,1926,626,1925,25],"class_list":{"0":"post-296869","1":"post","2":"type-post","3":"status-publish","4":"format-standard","5":"has-post-thumbnail","7":"category-paris","8":"tag-actu","9":"tag-actu-paris","10":"tag-actualites","11":"tag-actualites-paris","12":"tag-eu","13":"tag-europe","14":"tag-fr","15":"tag-france","16":"tag-news","17":"tag-news-paris","18":"tag-paris","19":"tag-paris-news","20":"tag-republique-francaise"},"share_on_mastodon":{"url":"https:\/\/pubeurope.com\/@fr\/114973260154003939","error":""},"_links":{"self":[{"href":"https:\/\/www.europesays.com\/fr\/wp-json\/wp\/v2\/posts\/296869","targetHints":{"allow":["GET"]}}],"collection":[{"href":"https:\/\/www.europesays.com\/fr\/wp-json\/wp\/v2\/posts"}],"about":[{"href":"https:\/\/www.europesays.com\/fr\/wp-json\/wp\/v2\/types\/post"}],"author":[{"embeddable":true,"href":"https:\/\/www.europesays.com\/fr\/wp-json\/wp\/v2\/users\/2"}],"replies":[{"embeddable":true,"href":"https:\/\/www.europesays.com\/fr\/wp-json\/wp\/v2\/comments?post=296869"}],"version-history":[{"count":0,"href":"https:\/\/www.europesays.com\/fr\/wp-json\/wp\/v2\/posts\/296869\/revisions"}],"wp:featuredmedia":[{"embeddable":true,"href":"https:\/\/www.europesays.com\/fr\/wp-json\/wp\/v2\/media\/296870"}],"wp:attachment":[{"href":"https:\/\/www.europesays.com\/fr\/wp-json\/wp\/v2\/media?parent=296869"}],"wp:term":[{"taxonomy":"category","embeddable":true,"href":"https:\/\/www.europesays.com\/fr\/wp-json\/wp\/v2\/categories?post=296869"},{"taxonomy":"post_tag","embeddable":true,"href":"https:\/\/www.europesays.com\/fr\/wp-json\/wp\/v2\/tags?post=296869"}],"curies":[{"name":"wp","href":"https:\/\/api.w.org\/{rel}","templated":true}]}}