{"id":296878,"date":"2025-08-05T00:15:13","date_gmt":"2025-08-05T00:15:13","guid":{"rendered":"https:\/\/www.europesays.com\/fr\/296878\/"},"modified":"2025-08-05T00:15:13","modified_gmt":"2025-08-05T00:15:13","slug":"un-soldat-ukrainien-bloque-sur-le-front-sechappe-grace-a-un-velo-electrique-livre-par-drone-liberation","status":"publish","type":"post","link":"https:\/\/www.europesays.com\/fr\/296878\/","title":{"rendered":"Un soldat ukrainien bloqu\u00e9 sur le front s\u2019\u00e9chappe gr\u00e2ce \u00e0 un v\u00e9lo \u00e9lectrique livr\u00e9 par drone \u2013 Lib\u00e9ration"},"content":{"rendered":"<p class=\"sc-ksZaOG ehjQrN text-element\">Une op\u00e9ration d\u2019exfiltration des plus surprenantes. Coinc\u00e9 sur le front, un soldat ukrainien bless\u00e9 a r\u00e9ussi \u00e0 se sauver gr\u00e2ce \u00e0 un v\u00e9lo \u00e9lectrique livr\u00e9 par <a href=\"https:\/\/www.liberation.fr\/international\/europe\/en-ukraine-les-drones-incendiaires-sont-entres-en-guerre-20240910_4RRLJ73ESJDBVM3OI7CQFNJNP4\/?redirected=1\" target=\"_blank\" rel=\"noreferrer noopener\" title=\"https:\/\/www.liberation.fr\/international\/europe\/en-ukraine-les-drones-incendiaires-sont-entres-en-guerre-20240910_4RRLJ73ESJDBVM3OI7CQFNJNP4\/?redirected=1\">drone<\/a>. Des vid\u00e9os <a href=\"https:\/\/www.youtube.com\/watch?v=p8RtjOUeniU\" target=\"_blank\" rel=\"noopener\" title=\"https:\/\/www.youtube.com\/watch?v=p8RtjOUeniU\">post\u00e9es sur YouTube<\/a> le 31\u00a0juillet par la brigade Rubizh de la Garde nationale d\u2019Ukraine, \u00e0 laquelle appartenait \u00abTanker\u00bb, montrent le deux-roues \u00abde 40 kilos\u00bb suspendu \u00e0 l\u2019appareil volant.<\/p>\n<p class=\"sc-ksZaOG ehjQrN text-element\">Cette prouesse du sauvetage militaire, relay\u00e9e par plusieurs m\u00e9dias anglophones comme <a href=\"https:\/\/www.independent.co.uk\/news\/world\/europe\/injured-soldier-ukraine-e-bike-russia-war-b2800285.html\" target=\"_blank\" rel=\"noreferrer noopener\" title=\"https:\/\/www.independent.co.uk\/news\/world\/europe\/injured-soldier-ukraine-e-bike-russia-war-b2800285.html\">The Independant<\/a> et le <a href=\"https:\/\/www.dailymail.co.uk\/news\/article-14960941\/Ukrainian-soldier-escapes-Russian-forces-e-bike-drone.html\" target=\"_blank\" rel=\"noreferrer noopener\" title=\"https:\/\/www.dailymail.co.uk\/news\/article-14960941\/Ukrainian-soldier-escapes-Russian-forces-e-bike-drone.html\">Daily Mail<\/a>, s\u2019est d\u00e9roul\u00e9e la semaine derni\u00e8re \u00e0 Siversk, dans le nord de l\u2019Ukraine. Les trois co\u00e9quipiers du soldat avaient \u00e9t\u00e9 tu\u00e9s par des tirs ennemis, le laissant seul et bless\u00e9 \u00e0 la jambe sur le front pendant cinq jours. Dans une vid\u00e9o mise en ligne par la brigade, ce dernier raconte\u00a0: \u00abChaque jour, j\u2019\u00e9tais encercl\u00e9 de toutes parts. Je me suis d\u00e9fendu du mieux que j\u2019ai pu.\u00bb<\/p>\n<p class=\"sc-ksZaOG ehjQrN text-element\">\u00abL\u2019ennemi \u00e9tait devant, derri\u00e8re et sur les deux flancs, explique dans la vid\u00e9o le commandant de brigade Mykola Hrytsenko. Il \u00e9tait impossible d\u2019avancer avec du mat\u00e9riel [\u2026] il devait marcher 1,5\u00a0km pour atteindre la position la plus proche. Dans son \u00e9tat, avec ses blessures, il n\u2019aurait tout simplement pas surv\u00e9cu.\u00bb<\/p>\n<p class=\"sc-ksZaOG ehjQrN text-element\">C\u2019est \u00e0 ce moment que l\u2019id\u00e9e de livrer un v\u00e9hicule survient. Selon <a href=\"https:\/\/www.leparisien.fr\/international\/ukraine\/guerre-en-ukraine-completement-encercle-et-sur-le-front-un-soldat-ukrainien-sechappe-grace-a-un-velo-livre-par-drone-02-08-2025-EE5UXZGPBNFWZA7PD2PG75WG3A.php\" target=\"_blank\" rel=\"noreferrer noopener\" title=\"https:\/\/www.leparisien.fr\/international\/ukraine\/guerre-en-ukraine-completement-encercle-et-sur-le-front-un-soldat-ukrainien-sechappe-grace-a-un-velo-livre-par-drone-02-08-2025-EE5UXZGPBNFWZA7PD2PG75WG3A.php\">le Parisien<\/a>, c\u2019est \u00e0 la troisi\u00e8me tentative qu\u2019un v\u00e9lo a pu \u00eatre achemin\u00e9. Les deux premi\u00e8res ont \u00e9chou\u00e9 \u2013 les forces russes ont abattu le premier drone et le deuxi\u00e8me s\u2019est \u00e9cras\u00e9 avant d\u2019atteindre le soldat. Selon le <a href=\"https:\/\/www.dailymail.co.uk\/news\/article-14960941\/Ukrainian-soldier-escapes-Russian-forces-e-bike-drone.html\" target=\"_blank\" rel=\"noreferrer noopener\" title=\"https:\/\/www.dailymail.co.uk\/news\/article-14960941\/Ukrainian-soldier-escapes-Russian-forces-e-bike-drone.html\">Daily Mail<\/a>, ces types de drones, g\u00e9n\u00e9ralement utilis\u00e9s par l\u2019Ukraine comme bombardiers, peuvent aussi transporter des charges lourdes.<\/p>\n<p class=\"sc-ksZaOG ehjQrN text-element\">Une fois le v\u00e9lo \u00e9lectrique re\u00e7u, le calvaire de \u00abTanker\u00bb ne s\u2019est pas arr\u00eat\u00e9. Apr\u00e8s avoir tant bien que mal enfourch\u00e9 l\u2019engin, ce dernier a heurt\u00e9 une mine dissimul\u00e9e 400 m\u00e8tres plus loin. Le v\u00e9lo a \u00e9t\u00e9 endommag\u00e9, mais le soldat, toujours en vie, a laborieusement pu continuer \u00e0 fuir jusqu\u2019aux positions ukrainiennes. \u00abPour mener \u00e0 bien cette op\u00e9ration, il fallait calculer le bon moment de la journ\u00e9e, les bonnes conditions m\u00e9t\u00e9orologiques qui permettraient de le faire\u00bb, a ajout\u00e9 le commandant Mykola Hrytsenko.<\/p>\n","protected":false},"excerpt":{"rendered":"Une op\u00e9ration d\u2019exfiltration des plus surprenantes. Coinc\u00e9 sur le front, un soldat ukrainien bless\u00e9 a r\u00e9ussi \u00e0 se&hellip;\n","protected":false},"author":2,"featured_media":296879,"comment_status":"","ping_status":"","sticky":false,"template":"","format":"standard","meta":{"footnotes":""},"categories":[1590],"tags":[11,1777,674,12,132,220,297],"class_list":{"0":"post-296878","1":"post","2":"type-post","3":"status-publish","4":"format-standard","5":"has-post-thumbnail","7":"category-ukraine","8":"tag-actualites","9":"tag-eu","10":"tag-europe","11":"tag-news","12":"tag-russie","13":"tag-ukraine","14":"tag-ukraine-la-crise"},"share_on_mastodon":{"url":"https:\/\/pubeurope.com\/@fr\/114973279679884902","error":""},"_links":{"self":[{"href":"https:\/\/www.europesays.com\/fr\/wp-json\/wp\/v2\/posts\/296878","targetHints":{"allow":["GET"]}}],"collection":[{"href":"https:\/\/www.europesays.com\/fr\/wp-json\/wp\/v2\/posts"}],"about":[{"href":"https:\/\/www.europesays.com\/fr\/wp-json\/wp\/v2\/types\/post"}],"author":[{"embeddable":true,"href":"https:\/\/www.europesays.com\/fr\/wp-json\/wp\/v2\/users\/2"}],"replies":[{"embeddable":true,"href":"https:\/\/www.europesays.com\/fr\/wp-json\/wp\/v2\/comments?post=296878"}],"version-history":[{"count":0,"href":"https:\/\/www.europesays.com\/fr\/wp-json\/wp\/v2\/posts\/296878\/revisions"}],"wp:featuredmedia":[{"embeddable":true,"href":"https:\/\/www.europesays.com\/fr\/wp-json\/wp\/v2\/media\/296879"}],"wp:attachment":[{"href":"https:\/\/www.europesays.com\/fr\/wp-json\/wp\/v2\/media?parent=296878"}],"wp:term":[{"taxonomy":"category","embeddable":true,"href":"https:\/\/www.europesays.com\/fr\/wp-json\/wp\/v2\/categories?post=296878"},{"taxonomy":"post_tag","embeddable":true,"href":"https:\/\/www.europesays.com\/fr\/wp-json\/wp\/v2\/tags?post=296878"}],"curies":[{"name":"wp","href":"https:\/\/api.w.org\/{rel}","templated":true}]}}