{"id":296882,"date":"2025-08-05T00:17:30","date_gmt":"2025-08-05T00:17:30","guid":{"rendered":"https:\/\/www.europesays.com\/fr\/296882\/"},"modified":"2025-08-05T00:17:30","modified_gmt":"2025-08-05T00:17:30","slug":"au-royaume-uni-lextreme-droite-britannique-progresse-apres-des-elections-locales-liberation","status":"publish","type":"post","link":"https:\/\/www.europesays.com\/fr\/296882\/","title":{"rendered":"Au Royaume-Uni, l\u2019extr\u00eame droite britannique progresse apr\u00e8s des \u00e9lections locales \u2013 Lib\u00e9ration"},"content":{"rendered":"<p class=\"sc-ksZaOG ehjQrN text-element\">\u00abC\u2019est un tr\u00e8s, tr\u00e8s grand moment\u00bb, s\u2019est f\u00e9licit\u00e9 <a href=\"https:\/\/www.liberation.fr\/international\/europe\/nigel-farage-pire-cauchemar-des-conservateurs-britanniques-20240628_BFZ23447UBAT3GHIEAHQQKUCXQ\/\" target=\"_blank\" rel=\"noopener\" title=\"https:\/\/www.liberation.fr\/international\/europe\/nigel-farage-pire-cauchemar-des-conservateurs-britanniques-20240628_BFZ23447UBAT3GHIEAHQQKUCXQ\/\">Nigel Farage, homme politique d\u2018extr\u00eame droite britannique.<\/a> Son parti, Reform UK, a remport\u00e9 ce vendredi 2 mai des \u00e9lections partielles dans le nord-ouest de l\u2019Angleterre. Certains Britanniques \u00e9taient appel\u00e9s jeudi 1er mai \u00e0 voter pour 1 641 si\u00e8ges dans 23 conseils municipaux, et pour 6 nouveaux maires.<\/p>\n<p class=\"sc-ksZaOG ehjQrN text-element\"><a href=\"https:\/\/www.liberation.fr\/international\/europe\/nigel-farage-pire-cauchemar-des-conservateurs-britanniques-20240628_BFZ23447UBAT3GHIEAHQQKUCXQ\/?redirected=1\" target=\"_blank\" rel=\"noopener\" title=\"https:\/\/www.liberation.fr\/international\/europe\/nigel-farage-pire-cauchemar-des-conservateurs-britanniques-20240628_BFZ23447UBAT3GHIEAHQQKUCXQ\/?redirected=1\">Nigel Farage, figure pro-Brexit et anti-immigration<\/a>, s\u2019est rengorg\u00e9 sur X, affirmant que cette victoire dans la circonscription de Runcorn et Helsby est la preuve que Reform UK devient \u00abd\u00e9sormais le parti d\u2019opposition au gouvernement travailliste\u00bb. Des affirmations rejet\u00e9es en bloc par les conservateurs. Le copr\u00e9sident de la droite traditionnelle, Nigel Huddleston, a toutefois reconnu dans l\u2019\u00e9mission Good Morning Britain qu\u2019il faudra <a href=\"https:\/\/www.liberation.fr\/international\/europe\/au-royaume-uni-le-blues-des-conservateurs-20241001_M5F37LWYUBDFJOEQNZ7M76MXXQ\/\" target=\"_blank\" rel=\"noopener\" title=\"https:\/\/www.liberation.fr\/international\/europe\/au-royaume-uni-le-blues-des-conservateurs-20241001_M5F37LWYUBDFJOEQNZ7M76MXXQ\/\">\u00abbeaucoup de temps pour r\u00e9tablir la confiance\u00bb des \u00e9lecteurs.<\/a><\/p>\n<p class=\"sc-ksZaOG ehjQrN text-element\">Les premiers r\u00e9sultats de ces \u00e9lections locales repr\u00e9sentent \u00e9galement un sacr\u00e9 revers pour <a href=\"https:\/\/www.liberation.fr\/international\/europe\/elections-au-royaume-uni-keir-starmer-lheure-du-federateur-20240703_W7VJYG6SQJG27JB34AHMJDIPMU\/\" target=\"_blank\" rel=\"noopener\" title=\"https:\/\/www.liberation.fr\/international\/europe\/elections-au-royaume-uni-keir-starmer-lheure-du-federateur-20240703_W7VJYG6SQJG27JB34AHMJDIPMU\/\">le parti du Premier ministre travailliste, Keir Starmer.<\/a> Le d\u00e9put\u00e9 Brian Leishman, membre du Labour, a affirm\u00e9 sur ses r\u00e9seaux sociaux que le gouvernement \u00ab[devait] changer de cap\u00bb. \u00abSi nous n\u2019am\u00e9liorons pas le niveau de vie de la population, <a href=\"https:\/\/x.com\/BrianLeishmanMP\/status\/1918198966530777258\" target=\"_blank\" rel=\"\" title=\"https:\/\/x.com\/BrianLeishmanMP\/status\/1918198966530777258\">le prochain gouvernement sera d\u2019extr\u00eame droite\u00bb,<\/a> a-t-il averti. Selon les enqu\u00eates d\u2019opinion, les Britanniques manifestent une d\u00e9sillusion croissante \u00e0 l\u2019\u00e9gard du Labour et des Tories (conservateurs), les deux formations traditionnelles.<\/p>\n<p class=\"sc-ksZaOG ehjQrN text-element\">Apr\u00e8s cette victoire dans la circonscription de Runcorn et Helsby, Reform UK d\u00e9tient 5 d\u00e9put\u00e9s sur 650 si\u00e8ges \u00e0 la Chambre des communes. Ces l\u00e9gislatives partielles ont \u00e9t\u00e9 provoqu\u00e9es par la d\u00e9mission du travailliste Mike Amesbury, condamn\u00e9 pour avoir frapp\u00e9 un homme lors d\u2019une altercation nocturne.<\/p>\n<p class=\"sc-ksZaOG ehjQrN text-element\">En plus de ce scrutin partiel, les premiers r\u00e9sultats annoncent que Reform UK a remport\u00e9 des dizaines de si\u00e8ges de conseillers locaux, ainsi qu\u2019un si\u00e8ge de maire. Les travaillistes ont, eux, gagn\u00e9 trois municipales. D\u2019autres r\u00e9sultats sont attendus dans la journ\u00e9e de ce vendredi. Nigel Farage a affirm\u00e9 dans l\u2019\u00e9mission Today que Reform UK est en passe de prendre le contr\u00f4le du comt\u00e9 du Lincolnshire et du Staffordshire, traditionnellement aux mains des conservateurs.<\/p>\n<p class=\"sc-ksZaOG ehjQrN text-element\">Ces \u00e9lections sont les moins importantes depuis les ann\u00e9es 70 en termes de si\u00e8ges en jeu. Elles sont cependant significatives de la fragmentation du paysage politique anglais. Ces votes sont \u00e9galement les premiers dans le pays depuis le retour au pouvoir du Parti travailliste, en juillet 2024. La gauche l\u2019avait emport\u00e9 avec 33,7 % des voix, soit la proportion la plus faible pour un parti vainqueur depuis la Seconde Guerre mondiale. Les prochaines \u00e9lections de ce genre devraient avoir lieu en 2029.<\/p>\n","protected":false},"excerpt":{"rendered":"\u00abC\u2019est un tr\u00e8s, tr\u00e8s grand moment\u00bb, s\u2019est f\u00e9licit\u00e9 Nigel Farage, homme politique d\u2018extr\u00eame droite britannique. Son parti, Reform&hellip;\n","protected":false},"author":2,"featured_media":296883,"comment_status":"","ping_status":"","sticky":false,"template":"","format":"standard","meta":{"footnotes":""},"categories":[1588],"tags":[11,43733,1777,674,1076,2581,12,473,1853,1851,1850,1852],"class_list":{"0":"post-296882","1":"post","2":"type-post","3":"status-publish","4":"format-standard","5":"has-post-thumbnail","7":"category-royaume-uni","8":"tag-actualites","9":"tag-elections-royaume-uni","10":"tag-eu","11":"tag-europe","12":"tag-extreme-droite","13":"tag-keir-starmer","14":"tag-news","15":"tag-royaume-uni","16":"tag-royaume-uni-de-grande-bretagne-et-dirlande-du-nord","17":"tag-uk","18":"tag-united-kingdom","19":"tag-united-kingdom-of-great-britain-and-northern-ireland"},"share_on_mastodon":{"url":"https:\/\/pubeurope.com\/@fr\/114973287655578747","error":""},"_links":{"self":[{"href":"https:\/\/www.europesays.com\/fr\/wp-json\/wp\/v2\/posts\/296882","targetHints":{"allow":["GET"]}}],"collection":[{"href":"https:\/\/www.europesays.com\/fr\/wp-json\/wp\/v2\/posts"}],"about":[{"href":"https:\/\/www.europesays.com\/fr\/wp-json\/wp\/v2\/types\/post"}],"author":[{"embeddable":true,"href":"https:\/\/www.europesays.com\/fr\/wp-json\/wp\/v2\/users\/2"}],"replies":[{"embeddable":true,"href":"https:\/\/www.europesays.com\/fr\/wp-json\/wp\/v2\/comments?post=296882"}],"version-history":[{"count":0,"href":"https:\/\/www.europesays.com\/fr\/wp-json\/wp\/v2\/posts\/296882\/revisions"}],"wp:featuredmedia":[{"embeddable":true,"href":"https:\/\/www.europesays.com\/fr\/wp-json\/wp\/v2\/media\/296883"}],"wp:attachment":[{"href":"https:\/\/www.europesays.com\/fr\/wp-json\/wp\/v2\/media?parent=296882"}],"wp:term":[{"taxonomy":"category","embeddable":true,"href":"https:\/\/www.europesays.com\/fr\/wp-json\/wp\/v2\/categories?post=296882"},{"taxonomy":"post_tag","embeddable":true,"href":"https:\/\/www.europesays.com\/fr\/wp-json\/wp\/v2\/tags?post=296882"}],"curies":[{"name":"wp","href":"https:\/\/api.w.org\/{rel}","templated":true}]}}