{"id":296895,"date":"2025-08-05T00:26:13","date_gmt":"2025-08-05T00:26:13","guid":{"rendered":"https:\/\/www.europesays.com\/fr\/296895\/"},"modified":"2025-08-05T00:26:13","modified_gmt":"2025-08-05T00:26:13","slug":"le-site-de-la-barre-reussit-son-test-grandeur-nature","status":"publish","type":"post","link":"https:\/\/www.europesays.com\/fr\/296895\/","title":{"rendered":"le site de La Barre r\u00e9ussit son test grandeur nature"},"content":{"rendered":"<p>En se rendant la veille sur l\u2019espace de La Barre choisi comme cadre de cette vingti\u00e8me \u00e9dition de l\u2019Anglet Beach Rugby Festival, la plus belle vitrine du rugby estival, il y avait de quoi \u00eatre surpris. Le site, qui l\u2019hiver fait office de stockage de centaines de st\u00e8res de troncs d\u2019arbres en provenance de l\u2019oc\u00e9an, r\u00e9cup\u00e9r\u00e9s sur les plages angloyes, \u00e9tait m\u00e9tamorphos\u00e9 en temple du sport ces 1er, 2 et 3\u00a0ao\u00fbt.<\/p>\n<p>L\u2019\u00e9quipage des Pirates d\u2019Hondarra, conduit par le tandem Pierre Massac et Pierre Nouqueret, a r\u00e9ussi ce nouvel abordage. Il faut l\u2019ajouter avec l\u2019aide efficace des services techniques qui ont accompli un travail de nettoyage et de nivellement exceptionnel.<\/p>\n<p>        <img decoding=\"async\" id=\"25471201\" src=\"https:\/\/www.europesays.com\/fr\/wp-content\/uploads\/2025\/08\/bayonne-anglet-biarritz-c2ab6978d02c46eeb0337dd89f851ecc-134948-ph1.jpg\" alt=\"Surprise pour la finale des Iguanes avec une confrontation des Daniels aux String Box.\" itemprop=\"contentURL\"\/><\/p>\n<p>    Surprise pour la finale des Iguanes avec une confrontation des Daniels aux String Box.<\/p>\n<p>F\u00e9lix Dufour<\/p>\n<p>    Le test du samedi<\/p>\n<p>Inscrit dans le marbre, ce d\u00e9m\u00e9nagement n\u2019avait pas entra\u00een\u00e9 d\u2019essoufflement des inscriptions\u00a0: 2\u00a0000 comp\u00e9titeurs pour les diff\u00e9rents troph\u00e9es et des partenaires fid\u00e8les. Mais restait une inconnue\u00a0: la journ\u00e9e de samedi 2\u00a0ao\u00fbt, en diurne et nocturne, et l\u2019engouement populaire qu\u2019elle suscitait jusqu\u2019\u00e0 pr\u00e9sent aux Sables d\u2019or avec les troph\u00e9es des Iguanes \u2014 au masculin \u2014 et le troph\u00e9e Mercader \u2013 au f\u00e9minin \u2014 avec les meilleurs de la discipline. Comme Louis Vialan qui coache les String Box. \u00ab\u00a0On est tr\u00e8s heureux, car on joue tous au rugby depuis que l\u2019on a\u00a05\u00a0ans. La vie nous a s\u00e9par\u00e9s, mais on est rest\u00e9 ami et cela fait cinq ans qu\u2019on se retrouve pour le Beach rugby. Cette finale est la cons\u00e9cration de ce que l\u2019on a fait tous ensemble\u00a0\u00bb, confiait-il.<\/p>\n<p>Troph\u00e9es qui n\u2019ont pas manqu\u00e9 pas de sel pour ces 64 \u00e9quipes et de sacr\u00e9es confrontations. Dont une demi-finale avec l\u2019\u00e9limination des All Bask, vainqueurs de l\u2019\u00e9dition 2024, par les redoutables Daniels, vainqueurs \u00e0 deux reprises. Cette fois, ils affrontaient les String Box, en deux mi-temps, de cinq minutes.<\/p>\n<p>Fatigu\u00e9s par leur demie acquise de haute lutte, les Daniels les ont lamin\u00e9s avec un essai d\u2019entr\u00e9e de jeu pour atteindre 4 \u00e0 0 \u00e0 la mi-temps. Puis, aggravation de la facture avec un cinqui\u00e8me essai.<\/p>\n<p>        <img decoding=\"async\" id=\"25471199\" src=\"https:\/\/www.europesays.com\/fr\/wp-content\/uploads\/2025\/08\/bayonne-anglet-biarritz-c2ab6978d02c46eeb0337dd89f851ecc-134948-ph2.jpg\" alt=\"Chez les filles, match au couteau et prolongations entre les Euskadi Sevens et les Bask Haters.\" itemprop=\"contentURL\"\/><\/p>\n<p>    Chez les filles, match au couteau et prolongations entre les Euskadi Sevens et les Bask Haters.<\/p>\n<p>F\u00e9lix Dufour<\/p>\n<p>Chez les filles, la finale du Troph\u00e9e Philippe Mercader, avec 25 \u00e9quipes, a \u00e9t\u00e9 beaucoup plus disput\u00e9e. Ainsi, il a n\u00e9cessit\u00e9 deux prolongations entre les Euskadi Sevens, vainqueurs \u00e0 quatre reprises, et les Bask Haters.<\/p>\n<p>Un parrain combl\u00e9<\/p>\n<p>Ancien de l\u2019Aviron Bayonnais et jeune arri\u00e8re retrait\u00e9 de l\u2019UBB,<a href=\"https:\/\/www.sudouest.fr\/pyrenees-atlantiques\/anglet\/anglet-nans-ducuing-parrain-du-beach-rugby-festival-desormais-installe-a-la-barre-25368475.php\" rel=\"nofollow noopener\" target=\"_blank\"> le parrain de cette \u00e9dition, Nans Ducuing<\/a> s\u2019est dit, lors de la r\u00e9ception officielle, ravi de cette vitrine de l\u2019ovale \u00e0 Anglet. \u00ab\u00a0J\u2019en avais entendu parler, mais je n\u2019ai jamais eu l\u2019occasion d\u2019y participer. L\u2019ambiance est vraiment dans l\u2019esprit de notre sport\u00a0: si on ne se fait pas de cadeau sur le terrain, elle est conviviale. Gr\u00e2ce \u00e0 la bi\u00e8re aussi\u00a0\u00bb, plaisantait-il.<\/p>\n<p>        <img decoding=\"async\" id=\"25471200\" src=\"https:\/\/www.europesays.com\/fr\/wp-content\/uploads\/2025\/08\/bayonne-anglet-biarritz-c2ab6978d02c46eeb0337dd89f851ecc-134948-ph3.jpg\" alt=\"Le maire, Claude Olive, pour la cl\u00f4ture dimanche, a tenu \u00e0 f\u00e9liciter Pierre Massac et Pierre Nouqueret et Nans Ducuing, le parrain.\" itemprop=\"contentURL\"\/><\/p>\n<p>    Le maire, Claude Olive, pour la cl\u00f4ture dimanche, a tenu \u00e0 f\u00e9liciter Pierre Massac et Pierre Nouqueret et Nans Ducuing, le parrain.<\/p>\n<p>F\u00e9lix Dufour<\/p>\n<p>Avant les discours du tandem Massac-Nouqueret, les organisateurs de cet \u00e9v\u00e9nement qui ont \u00e9videmment fait part de leur surprise, le maire d\u2019Anglet, Claude Olive a \u00e9t\u00e9 ravi de souligner qu\u2019il avait la preuve que ce rendez-vous estival restait un des plus importants pour la commune et que l\u2019engouement 2025 \u00e0 La Barre confortait son appr\u00e9ciation.<\/p>\n","protected":false},"excerpt":{"rendered":"En se rendant la veille sur l\u2019espace de La Barre choisi comme cadre de cette vingti\u00e8me \u00e9dition de&hellip;\n","protected":false},"author":2,"featured_media":296896,"comment_status":"","ping_status":"","sticky":false,"template":"","format":"standard","meta":{"footnotes":""},"categories":[1416],"tags":[1011,27,479,1468,60],"class_list":{"0":"post-296895","1":"post","2":"type-post","3":"status-publish","4":"format-standard","5":"has-post-thumbnail","7":"category-rugby","8":"tag-fr","9":"tag-france","10":"tag-rugby","11":"tag-rugby-football","12":"tag-sports"},"share_on_mastodon":{"url":"https:\/\/pubeurope.com\/@fr\/114973323184669596","error":""},"_links":{"self":[{"href":"https:\/\/www.europesays.com\/fr\/wp-json\/wp\/v2\/posts\/296895","targetHints":{"allow":["GET"]}}],"collection":[{"href":"https:\/\/www.europesays.com\/fr\/wp-json\/wp\/v2\/posts"}],"about":[{"href":"https:\/\/www.europesays.com\/fr\/wp-json\/wp\/v2\/types\/post"}],"author":[{"embeddable":true,"href":"https:\/\/www.europesays.com\/fr\/wp-json\/wp\/v2\/users\/2"}],"replies":[{"embeddable":true,"href":"https:\/\/www.europesays.com\/fr\/wp-json\/wp\/v2\/comments?post=296895"}],"version-history":[{"count":0,"href":"https:\/\/www.europesays.com\/fr\/wp-json\/wp\/v2\/posts\/296895\/revisions"}],"wp:featuredmedia":[{"embeddable":true,"href":"https:\/\/www.europesays.com\/fr\/wp-json\/wp\/v2\/media\/296896"}],"wp:attachment":[{"href":"https:\/\/www.europesays.com\/fr\/wp-json\/wp\/v2\/media?parent=296895"}],"wp:term":[{"taxonomy":"category","embeddable":true,"href":"https:\/\/www.europesays.com\/fr\/wp-json\/wp\/v2\/categories?post=296895"},{"taxonomy":"post_tag","embeddable":true,"href":"https:\/\/www.europesays.com\/fr\/wp-json\/wp\/v2\/tags?post=296895"}],"curies":[{"name":"wp","href":"https:\/\/api.w.org\/{rel}","templated":true}]}}