{"id":296905,"date":"2025-08-05T00:33:10","date_gmt":"2025-08-05T00:33:10","guid":{"rendered":"https:\/\/www.europesays.com\/fr\/296905\/"},"modified":"2025-08-05T00:33:10","modified_gmt":"2025-08-05T00:33:10","slug":"apres-joy-jade-hallyday-provoque-et-devoile-subtilement-son-posterieur-ca-promet","status":"publish","type":"post","link":"https:\/\/www.europesays.com\/fr\/296905\/","title":{"rendered":"Apr\u00e8s Joy, Jade Hallyday provoque et d\u00e9voile subtilement son post\u00e9rieur : \u00ab\u00a0\u00c7a promet\u00a0\u00bb"},"content":{"rendered":"<p>Contrairement \u00e0 d\u2019autres jeunes filles de leur \u00e2ge, Jade et Joy<br \/>\nHallyday n\u2019ont pas franchement la cote sur les r\u00e9seaux sociaux. Si<br \/>\nces derni\u00e8res ont fait le choix de s\u2019exposer publiquement sur<br \/>\nInstagram et TikTok, elles doivent en revanche composer<br \/>\nquotidiennement avec les haters. Eh oui, pas une journ\u00e9e ne passe<br \/>\nsans que les deux s\u0153urs soient cibl\u00e9es par les critiques, certaines<br \/>\nd\u2019entre elles \u00e9tant pour le moins violentes.<\/p>\n<p>Jade et Joy Hallyday n\u2019ont pas fini de s\u2019afficher en petites<br \/>\ntenues<\/p>\n<p>R\u00e9guli\u00e8rement <strong>point\u00e9es du doigt pour leurs tenues<br \/>\nos\u00e9es<\/strong> \u2013 il n\u2019est pas rare de les voir porter des v\u00eatements<br \/>\nmoulants et poser en maillot de bain \u2013 <strong>Jade et Joy Hallyday<br \/>\nne pr\u00eatent pas vraiment attention aux commentaires<br \/>\ncassants<\/strong>. Si bien que les filles de Laeticia et Johnny<br \/>\ncontinuent de <strong>s\u2019afficher comme bon leur semble<\/strong><br \/>\ndevant leurs dizaines de milliers de followers.<\/p>\n<p>R\u00e9volt\u00e9e par tant de haine en ligne, leur maman a pouss\u00e9 un coup<br \/>\nde gueule lors de son passage sur les ondes de RTL en 2023,<br \/>\nd\u00e9non\u00e7ant alors <strong>une \u00ab\u00a0violence est gratuite, cach\u00e9e<br \/>\nderri\u00e8re un ordinateur\u00a0\u00bb<\/strong>. \u00ab\u00a0Elles ont d\u00e9j\u00e0 v\u00e9cu un<br \/>\ndeuil difficile, des histoires de famille compliqu\u00e9es sur la place<br \/>\npublique. Et je suis toute seule \u00e0 les \u00e9lever\u2026 Ce n\u00a0\u00bbest pas<br \/>\nfacile\u00a0\u00bb, se d\u00e9solait la veuve du Taulier.<\/p>\n<p>Ce clich\u00e9 qui a valu une vague de haine \u00e0 la cadette du<br \/>\nclan<\/p>\n<p>Malheureusement, <strong>les haters sont toujours plus<br \/>\nnombreux<\/strong> \u00e0 commenter chaque publication des deux s\u0153urs.<br \/>\n<a href=\"https:\/\/www.melty.fr\/people\/poitrine-apparente-joy-hallyday-provoque-de-nouveau-avec-cette-tenue-osee-laeticia-ne-dit-rien-2253412.html\" rel=\"nofollow noopener\" target=\"_blank\"><br \/>\nJoy Hallyday en a r\u00e9cemment fait les frais<\/a>. En vacances \u00e0<br \/>\nSaint-Barth\u00e9lemy, celle qui vient tout juste de f\u00eater ses 17 ans<br \/>\ns\u2019est affich\u00e9e <strong>en bikini avec un mini par\u00e9o nou\u00e9 sur ses<br \/>\nhanches<\/strong>.<\/p>\n<p>L\u00e0 encore, les internautes ont laiss\u00e9 exploser leur col\u00e8re,<br \/>\nmultipliant ainsi les commentaires d\u00e9sobligeants. <strong>\u00ab\u00a0On<br \/>\ndirait une actrice porno mais bon<\/strong>. Apparemment \u00e7a pla\u00eet.<br \/>\nBienvenue en 2025 o\u00f9 l&rsquo;\u00e9l\u00e9gance n\u2019a plus sa place\u00a0\u00bb, \u00ab\u00a0Elle a 17<br \/>\nans&#8230; et sa m\u00e8re Laeticia ne dit rien pour les photos ?\u00a0\u00bb, \u00ab\u00a0Joy, tu<br \/>\nes tr\u00e8s jolie il n\u2019y a pas de sujet sur ce point. Par contre<br \/>\n<strong>cette photo est pour moi tr\u00e8s vulgaire\u00a0\u00bb<\/strong>, \u00ab\u00a0Vulgaire<br \/>\net <strong>rien de naturel\u00a0\u00bb<\/strong>, pouvait-on lire.<\/p>\n<p>Jade Hallyday en a-t-elle trop d\u00e9voil\u00e9<br \/>\n?<\/p>\n<p>Si Joy est r\u00e9guli\u00e8rement vis\u00e9e, <strong>Jade Hallyday essuie<br \/>\nelle aussi des critiques en grande quantit\u00e9<\/strong>. Dernier<br \/>\nexemple en date ? Une photo partag\u00e9e sur Instagram o\u00f9 on la voit<br \/>\nposer de profil devant un joli coucher de soleil. V\u00eatue d\u2019un simple<br \/>\nmaillot de bain et d\u2019un par\u00e9o, <a href=\"https:\/\/www.melty.fr\/people\/jade-hallyday-son-ex-compagnon-balance-sur-leur-relation-la-premiere-fois-2249623.html\" rel=\"nofollow noopener\" target=\"_blank\"><br \/>\ncelle qui est aujourd&rsquo;hui en couple<\/a> laisse toutefois appara\u00eetre<br \/>\n<strong>une partie de son post\u00e9rieur<\/strong>.<\/p>\n<blockquote class=\"instagram-media\" style=\"background: #ffffff;border: 0;margin: 1px;width: 100%;padding: 0;max-width: 500px;\" data-instgrm-permalink=\"https:\/\/www.instagram.com\/p\/DMwwo-Suks-\/\" data-instgrm-version=\"14\"\/>\n<p>Forc\u00e9ment, <strong>les messages cassants ont rapidement envahi<br \/>\nla Toile<\/strong>. \u00ab\u00a0Quelle arrogance\u00a0\u00bb, \u00ab\u00a0La classe ! <strong>\u00c7a<br \/>\npromet\u00a0\u00bb<\/strong>, \u00ab\u00a0Franchement <strong>je les trouve<br \/>\nvulgaires\u00a0\u00bb<\/strong>, se sont l\u00e2ch\u00e9es quelques personnes.<br \/>\nHeureusement, la jeune femme peut compter sur le soutien d&rsquo;autres<br \/>\ninternautes : <strong>\u00ab\u00a0Tu es magnifique, n\u2019\u00e9coute pas les<br \/>\nhaters\u00a0\u00bb<\/strong>, \u00ab\u00a0Tr\u00e8s tr\u00e8s jolie ! Bon s\u00e9jour\u00a0\u00bb, \u00ab\u00a0La plus belle\u00a0\u00bb,<br \/>\n\u00ab\u00a0Oh mon Dieu, t\u2019es incroyable\u00a0\u00bb. L\u2019\u00e9t\u00e9 n\u2019\u00e9tant pas fini, il y a<br \/>\nfort \u00e0 parier que Jade publiera d\u2019autres clich\u00e9s du genre.<\/p>\n<p><script async src=\"\/\/www.instagram.com\/embed.js\"><\/script><\/p>\n","protected":false},"excerpt":{"rendered":"Contrairement \u00e0 d\u2019autres jeunes filles de leur \u00e2ge, Jade et Joy Hallyday n\u2019ont pas franchement la cote sur&hellip;\n","protected":false},"author":2,"featured_media":296906,"comment_status":"","ping_status":"","sticky":false,"template":"","format":"standard","meta":{"footnotes":""},"categories":[1359],"tags":[905,58,59,1011,27,8750,973],"class_list":{"0":"post-296905","1":"post","2":"type-post","3":"status-publish","4":"format-standard","5":"has-post-thumbnail","7":"category-people","8":"tag-a-la-une-melty","9":"tag-divertissement","10":"tag-entertainment","11":"tag-fr","12":"tag-france","13":"tag-jade-hallyday","14":"tag-people"},"share_on_mastodon":{"url":"https:\/\/pubeurope.com\/@fr\/114973350597071723","error":""},"_links":{"self":[{"href":"https:\/\/www.europesays.com\/fr\/wp-json\/wp\/v2\/posts\/296905","targetHints":{"allow":["GET"]}}],"collection":[{"href":"https:\/\/www.europesays.com\/fr\/wp-json\/wp\/v2\/posts"}],"about":[{"href":"https:\/\/www.europesays.com\/fr\/wp-json\/wp\/v2\/types\/post"}],"author":[{"embeddable":true,"href":"https:\/\/www.europesays.com\/fr\/wp-json\/wp\/v2\/users\/2"}],"replies":[{"embeddable":true,"href":"https:\/\/www.europesays.com\/fr\/wp-json\/wp\/v2\/comments?post=296905"}],"version-history":[{"count":0,"href":"https:\/\/www.europesays.com\/fr\/wp-json\/wp\/v2\/posts\/296905\/revisions"}],"wp:featuredmedia":[{"embeddable":true,"href":"https:\/\/www.europesays.com\/fr\/wp-json\/wp\/v2\/media\/296906"}],"wp:attachment":[{"href":"https:\/\/www.europesays.com\/fr\/wp-json\/wp\/v2\/media?parent=296905"}],"wp:term":[{"taxonomy":"category","embeddable":true,"href":"https:\/\/www.europesays.com\/fr\/wp-json\/wp\/v2\/categories?post=296905"},{"taxonomy":"post_tag","embeddable":true,"href":"https:\/\/www.europesays.com\/fr\/wp-json\/wp\/v2\/tags?post=296905"}],"curies":[{"name":"wp","href":"https:\/\/api.w.org\/{rel}","templated":true}]}}