{"id":296907,"date":"2025-08-05T00:34:14","date_gmt":"2025-08-05T00:34:14","guid":{"rendered":"https:\/\/www.europesays.com\/fr\/296907\/"},"modified":"2025-08-05T00:34:14","modified_gmt":"2025-08-05T00:34:14","slug":"leclat-dune-vision-la-grace-dun-regard-photos-free-dom","status":"publish","type":"post","link":"https:\/\/www.europesays.com\/fr\/296907\/","title":{"rendered":"l\u2019\u00e9clat d\u2019une vision, la gr\u00e2ce d\u2019un regard (Photos) \u2013 Free Dom"},"content":{"rendered":"<p>Hommage \u00e0 Elena Iv-skaya : l\u2019\u00e9clat d\u2019une vision, la gr\u00e2ce d\u2019un regard (Photos) \u2013 Free Dom<\/p>\n<p>        &#13;<br \/>\n    &#13;<\/p>\n<p>\t\t&#13;<br \/>\n&#13;<br \/>\n&#13;<\/p>\n<p>&#13;<br \/>\n    &#13;<br \/>\n    &#13;<br \/>\n&#13;<br \/>\n    &#13;<br \/>\n    &#13;<br \/>\n&#13;<\/p>\n<p>    &#13;<\/p>\n<p>        &#13;<\/p>\n<p>        &#13;<br \/>\n            &#13;<\/p>\n<p>&#13;<br \/>\n    &#13;<\/p>\n<p>        <a href=\"https:\/\/freedom.fr\/le-marche-des-artizens-producoeurs-revient-ce-samedi-a-saint-andre\/\" class=\"post-link\" rel=\"nofollow noopener\" target=\"_blank\">&#13;<br \/>\n            &#13;<br \/>\n        &#13;<\/p>\n<p>                <img width=\"1000\" height=\"739\" src=\"https:\/\/www.europesays.com\/fr\/wp-content\/uploads\/2025\/08\/illustration-marche.webp.webp\" class=\"attachment-full size-full\" alt=\"\" decoding=\"async\" loading=\"lazy\"  \/><br \/>\n            &#13;<br \/>\n&#13;<br \/>\n            &#13;<br \/>\n            &#13;<br \/>\n                    &#13;<br \/>\n        <\/a><\/p>\n<p>    &#13;<br \/>\n    &#13;<br \/>\n    &#13;<\/p>\n<p>Article pr\u00e9c\u00e9dent<\/p>\n<p>                    Le March\u00e9 des Artizens &amp; Producoeurs revient ce samedi \u00e0 Saint-Andr\u00e9<\/p>\n<p>                <a class=\"wrap-link\" href=\"https:\/\/freedom.fr\/le-marche-des-artizens-producoeurs-revient-ce-samedi-a-saint-andre\/\" rel=\"nofollow noopener\" target=\"_blank\"><\/p>\n<p>            &#13;<br \/>\n        &#13;<\/p>\n<p>        &#13;<br \/>\n            &#13;<\/p>\n<p>&#13;<br \/>\n    &#13;<\/p>\n<p>        <a href=\"https:\/\/freedom.fr\/disparition-inquietante-a-cilaos-appel-a-temoins-pour-retrouver-nancy-boyer\/\" class=\"post-link\" rel=\"nofollow noopener\" target=\"_blank\">&#13;<br \/>\n            &#13;<br \/>\n        &#13;<\/p>\n<p>                <img width=\"1200\" height=\"676\" src=\"https:\/\/www.europesays.com\/fr\/wp-content\/uploads\/2025\/08\/Capture-decran-2025-08-02-a-15.22.54.webp.webp\" class=\"attachment-full size-full\" alt=\"\" decoding=\"async\" loading=\"lazy\"  \/><br \/>\n            &#13;<br \/>\n&#13;<br \/>\n            &#13;<br \/>\n            &#13;<br \/>\n                    &#13;<br \/>\n        <\/a><\/p>\n<p>    &#13;<br \/>\n    &#13;<br \/>\n    &#13;<\/p>\n<p>Article suivant<\/p>\n<p>                    Disparition inqui\u00e9tante \u00e0 Cilaos : appel \u00e0 t\u00e9moins pour retrouver Nancy Boyer<\/p>\n<p>                <a class=\"wrap-link\" href=\"https:\/\/freedom.fr\/disparition-inquietante-a-cilaos-appel-a-temoins-pour-retrouver-nancy-boyer\/\" rel=\"nofollow noopener\" target=\"_blank\"><\/p>\n<p>            &#13;<br \/>\n        &#13;<\/p>\n<p>&#13;<br \/>\n&#13;<br \/>\n&#13;<br \/>\n&#13;<\/p>\n<p>&#13;<br \/>\n&#13;<br \/>\n&#13;<br \/>\n&#13;<br \/>\n&#13;<br \/>\n&#13;<\/p>\n<p><a rel=\"nofollow noopener\" style=\"display:none\" href=\"https:\/\/freedom.fr\/?blackhole=d1c7b89470\" title=\"NE PAS suivre ce lien ou vous serez banni du site!\" target=\"_blank\">Free Dom<\/a><br \/>\n    &#13;<br \/>\n&#13;<br \/>\n&#13;<br \/>\n        &#13;<br \/>\n    &#13;<br \/>\n    &#13;<\/p>\n","protected":false},"excerpt":{"rendered":"Hommage \u00e0 Elena Iv-skaya : l\u2019\u00e9clat d\u2019une vision, la gr\u00e2ce d\u2019un regard (Photos) \u2013 Free Dom &#13; &#13;&hellip;\n","protected":false},"author":2,"featured_media":296908,"comment_status":"","ping_status":"","sticky":false,"template":"","format":"standard","meta":{"footnotes":""},"categories":[1358],"tags":[1348,1384,1385,1386,58,59,1011,27],"class_list":{"0":"post-296907","1":"post","2":"type-post","3":"status-publish","4":"format-standard","5":"has-post-thumbnail","7":"category-arts-et-design","8":"tag-arts","9":"tag-arts-and-design","10":"tag-arts-et-design","11":"tag-design","12":"tag-divertissement","13":"tag-entertainment","14":"tag-fr","15":"tag-france"},"share_on_mastodon":{"url":"https:\/\/pubeurope.com\/@fr\/114973354712243875","error":""},"_links":{"self":[{"href":"https:\/\/www.europesays.com\/fr\/wp-json\/wp\/v2\/posts\/296907","targetHints":{"allow":["GET"]}}],"collection":[{"href":"https:\/\/www.europesays.com\/fr\/wp-json\/wp\/v2\/posts"}],"about":[{"href":"https:\/\/www.europesays.com\/fr\/wp-json\/wp\/v2\/types\/post"}],"author":[{"embeddable":true,"href":"https:\/\/www.europesays.com\/fr\/wp-json\/wp\/v2\/users\/2"}],"replies":[{"embeddable":true,"href":"https:\/\/www.europesays.com\/fr\/wp-json\/wp\/v2\/comments?post=296907"}],"version-history":[{"count":0,"href":"https:\/\/www.europesays.com\/fr\/wp-json\/wp\/v2\/posts\/296907\/revisions"}],"wp:featuredmedia":[{"embeddable":true,"href":"https:\/\/www.europesays.com\/fr\/wp-json\/wp\/v2\/media\/296908"}],"wp:attachment":[{"href":"https:\/\/www.europesays.com\/fr\/wp-json\/wp\/v2\/media?parent=296907"}],"wp:term":[{"taxonomy":"category","embeddable":true,"href":"https:\/\/www.europesays.com\/fr\/wp-json\/wp\/v2\/categories?post=296907"},{"taxonomy":"post_tag","embeddable":true,"href":"https:\/\/www.europesays.com\/fr\/wp-json\/wp\/v2\/tags?post=296907"}],"curies":[{"name":"wp","href":"https:\/\/api.w.org\/{rel}","templated":true}]}}