{"id":296911,"date":"2025-08-05T00:36:09","date_gmt":"2025-08-05T00:36:09","guid":{"rendered":"https:\/\/www.europesays.com\/fr\/296911\/"},"modified":"2025-08-05T00:36:09","modified_gmt":"2025-08-05T00:36:09","slug":"tu-es-le-meilleur-dentre-nous-cyril-hanouna-accueille-jerome-anthony-dans-sa-nouvelle-emission-sur-w9-tele-7-jours","status":"publish","type":"post","link":"https:\/\/www.europesays.com\/fr\/296911\/","title":{"rendered":"&quot;Tu es le meilleur d&#039;entre nous&quot; : Cyril Hanouna accueille J\u00e9r\u00f4me Anthony dans sa nouvelle \u00e9mission sur W9 &#8211; T\u00e9l\u00e9 7 Jours"},"content":{"rendered":"<ol>\n<li><a href=\"https:\/\/news.google.com\/rss\/articles\/CBMi_wFBVV95cUxQcnhoV0xwNjdhNVU2Y1VTdFdTLUtvRkJaVUtvdDYzeEpIUTJSTk1lT1YtRWV0SjFSaVFnMjExbW1PUDBfYkxjV0pNc1ZXdjZTSXdjN3VJbklsNnFveXlPMlpyNVhxVmx1a01IUDJoWWNRb2tnZDRSS3FJVlc2aVJ3Sy10M1RsX3dVcVYwYnprQTNwLVhhal9HdGZsRGxkSjJMQ2U2SDNkcWRpVG5BSXlIOFBMdWFGZzE1X0N3WmllbEl0RkoyWkZtU25tTUFfY2xCa1hiei1xRnlKbmFsWFYtMEVVWjg4azRSLXNCd0RlbHRBU2NkWWRGU1k1b0pSeHM?oc=5\" target=\"_blank\" rel=\"nofollow noopener\">\u00ab\u00a0Tu es le meilleur d&rsquo;entre nous\u00a0\u00bb : Cyril Hanouna accueille J\u00e9r\u00f4me Anthony dans sa nouvelle \u00e9mission sur W9<\/a>&nbsp;&nbsp;T\u00e9l\u00e9 7 Jours<\/li>\n<li><a href=\"https:\/\/news.google.com\/rss\/articles\/CBMipAJBVV95cUxNX2VGRFpEU3lWc3F5UGhTZFpPZUxpVHNzU25YSC1vSXV0dXk4S1FnelQyS1RRcjBYRTZHSnU5NktRMGtiRVlQdXFkWFRRVHpLSi1rN0QtWkZiWDc1TzNCUm9TdWxvcHNDZVRJTUJ0SlF5OWhXN01XejVBZXQ2WXE3ZEx1ZG15cVZaWUZOa2JsVGFTWTVQdWJzTkllT185REJyWDNUQU56Zk9HZnFKY201SDN5eW1FUUlhRmpnV3pZR2tzSVdrS3FhTjRXYURiYVoyTUZXa3p5emI3cVoxSkRjZmp1OW1jSVhiNGVlWnEwQWh4ck9BY0VGNlAtT2tLeXRrVE1sQ0JJeVBVQ3FiaFF3U3lFX2pFZjAxb0pwaFBOYjBIZk5F?oc=5\" target=\"_blank\" rel=\"nofollow noopener\">\u201cPetite info, il y aura\u201d : Cyril Hanouna fait une annonce au sujet des chroniqueurs de sa nouvelle \u00e9mission \u00e0 30 jours du d\u00e9but<\/a>&nbsp;&nbsp;T\u00e9l\u00e9 7 Jours<\/li>\n<li><a href=\"https:\/\/news.google.com\/rss\/articles\/CBMicEFVX3lxTE51ZFJKSUlCaUtTM1NkYUhtSEN4Z25iSThFV1V1OHlCNldEOENuaXFfc0Fqdk4xQXpPQTlEdXliZ0tUVDlaYXpYTzVMN0l1b0tMa2M5RDNVZ1pRdHdRZjNMenlHWjFKMjRBT1VIM2ZqXzQ?oc=5\" target=\"_blank\" rel=\"nofollow noopener\">Tout beau, tout 9 : des \u00ab\u00a0anciens\u00a0\u00bb et des \u00ab\u00a0nouveaux\u00a0\u00bb, on en sait plus sur les chroniqueurs de Cyril Hanouna<\/a>&nbsp;&nbsp;AlloCin\u00e9<\/li>\n<li><a href=\"https:\/\/news.google.com\/rss\/articles\/CBMiqgFBVV95cUxOR3hKMDBBMWlqTWlMNzgyQldQTE41MkU5V0Uzc0pDdU5Dd3UyTm5kck45TW4zbzFYRG9WeUVpTUJ4UEdrQ1hReTdHSVQzRng4bjdlMU9oT21FNHFuUHlKV0lCUWlNWll0UGFBcFBpS0gxNXpsWXFUUlA1U0VkN2pCZ3pOZ0NaQWhXdmhXQ01Cei1SdWtmOHltNVppOFQ1MVZGLXoza1VoWVRFdw?oc=5\" target=\"_blank\" rel=\"nofollow noopener\">\u00abTout beau, tout 9\u00bb: Cyril Hanouna et sa nouvelle \u00e9quipe sur W9<\/a>&nbsp;&nbsp;Le Matin<\/li>\n<li><a href=\"https:\/\/news.google.com\/rss\/articles\/CBMiygFBVV95cUxNZ244RHlTVU51UVZjU05IeVFKTkw3dDA5a1J1QkQzMUhPVjZkX0hMNFExQUlrOVJIbFFVcmpUWjFaSmJYbHZsQ28xaGlDd2lkbVU0SlVrWkI1c2xXcE45OWxNSmNmY0JWd3QtNzBtcUpfWUNXTTBVMlYxTXRLcU1qWnZmbjZsTGJteVlsQUhqZllrazJsUk5PQVd2b3F6UGRxV3B6eWl3OTRiSlFvY3g2VmtfdVZpWVJFNEszOEM1OEptYzlRaTRnSWdB?oc=5\" target=\"_blank\" rel=\"nofollow noopener\">Cyril Hanouna annonce le retour d\u2019un chroniqueur embl\u00e9matique dans Tout beau, tout neuf<\/a>&nbsp;&nbsp;programme-tv.net<\/li>\n<\/ol>\n","protected":false},"excerpt":{"rendered":"\u00ab\u00a0Tu es le meilleur d&rsquo;entre nous\u00a0\u00bb : Cyril Hanouna accueille J\u00e9r\u00f4me Anthony dans sa nouvelle \u00e9mission sur W9&nbsp;&nbsp;T\u00e9l\u00e9&hellip;\n","protected":false},"author":2,"featured_media":1445,"comment_status":"","ping_status":"","sticky":false,"template":"","format":"standard","meta":{"footnotes":""},"categories":[1356],"tags":[58,59,1011,27,252,1364],"class_list":{"0":"post-296911","1":"post","2":"type-post","3":"status-publish","4":"format-standard","5":"has-post-thumbnail","7":"category-television","8":"tag-divertissement","9":"tag-entertainment","10":"tag-fr","11":"tag-france","12":"tag-television","13":"tag-tv"},"share_on_mastodon":{"url":"https:\/\/pubeurope.com\/@fr\/114973362314507420","error":""},"_links":{"self":[{"href":"https:\/\/www.europesays.com\/fr\/wp-json\/wp\/v2\/posts\/296911","targetHints":{"allow":["GET"]}}],"collection":[{"href":"https:\/\/www.europesays.com\/fr\/wp-json\/wp\/v2\/posts"}],"about":[{"href":"https:\/\/www.europesays.com\/fr\/wp-json\/wp\/v2\/types\/post"}],"author":[{"embeddable":true,"href":"https:\/\/www.europesays.com\/fr\/wp-json\/wp\/v2\/users\/2"}],"replies":[{"embeddable":true,"href":"https:\/\/www.europesays.com\/fr\/wp-json\/wp\/v2\/comments?post=296911"}],"version-history":[{"count":0,"href":"https:\/\/www.europesays.com\/fr\/wp-json\/wp\/v2\/posts\/296911\/revisions"}],"wp:featuredmedia":[{"embeddable":true,"href":"https:\/\/www.europesays.com\/fr\/wp-json\/wp\/v2\/media\/1445"}],"wp:attachment":[{"href":"https:\/\/www.europesays.com\/fr\/wp-json\/wp\/v2\/media?parent=296911"}],"wp:term":[{"taxonomy":"category","embeddable":true,"href":"https:\/\/www.europesays.com\/fr\/wp-json\/wp\/v2\/categories?post=296911"},{"taxonomy":"post_tag","embeddable":true,"href":"https:\/\/www.europesays.com\/fr\/wp-json\/wp\/v2\/tags?post=296911"}],"curies":[{"name":"wp","href":"https:\/\/api.w.org\/{rel}","templated":true}]}}