{"id":296912,"date":"2025-08-05T00:37:09","date_gmt":"2025-08-05T00:37:09","guid":{"rendered":"https:\/\/www.europesays.com\/fr\/296912\/"},"modified":"2025-08-05T00:37:09","modified_gmt":"2025-08-05T00:37:09","slug":"celine-dion-bientot-de-retour-elle-preparerait-son-come-back-avec-un-celebre-artiste-francais","status":"publish","type":"post","link":"https:\/\/www.europesays.com\/fr\/296912\/","title":{"rendered":"C\u00e9line Dion bient\u00f4t de retour ? Elle pr\u00e9parerait son come-back avec un c\u00e9l\u00e8bre artiste fran\u00e7ais !"},"content":{"rendered":"<p>C\u2019est une nouvelle qui risque d\u2019enthousiasmer les fans de la chanteuse\u2026 Depuis plusieurs semaines maintenant dans la presse, on peut lire que C\u00e9line Dion (  <a href=\"https:\/\/www.programme-television.org\/news\/musique\/artistes\/syndrome-de-la-personne-raide-celine-dion-prend-une-decision-radicale-dans-son-combat-contre-la-maladie-4730021\" target=\"_self\" rel=\"nofollow noopener\">jusqu\u2019alors en retrait des m\u00e9dias suite \u00e0 son \u00e9tat de sant\u00e9 fragile<\/a>) pourrait faire son retour tr\u00e8s prochainement. C\u2019est d&rsquo;ailleurs le magazine Closer qui a annonc\u00e9 la nouvelle, dans l\u2019\u00e9dition du 25 juillet dernier. Nos confr\u00e8res avaient notamment indiqu\u00e9 qu\u2019elle \u00ab\u00a0doit prochainement retourner en studio \u00e0 Paris puis \u00e0 Londres, o\u00f9 elle a d\u00e9j\u00e0 enregistr\u00e9, en avril, avec Jean-Jacques Goldman\u00a0\u00bb et qu\u2019une s\u00e9rie de concerts est d\u00e9j\u00e0 \u00e0 pr\u00e9voir pour 2026. Mais selon les r\u00e9centes informations d\u00e9voil\u00e9es, cette fois, par La Tribune dimanche, ce 3 ao\u00fbt, la chanteuse canadienne aurait d\u00e9j\u00e0 quelques titres exclusifs en r\u00e9serve\u2026<\/p>\n<p><a id=\"eztoc103255805_1\"\/>C\u00e9line Dion : Jean-Jacques Goldman lui a \u00e9crit une de ses futures chansons !<\/p>\n<p>En effet, d\u2019apr\u00e8s les informations r\u00e9v\u00e9l\u00e9es par l\u2019un des proches de Jean-Jacques Goldman, le chanteur fran\u00e7ais aurait propos\u00e9, en 2021, \u00ab\u00a0deux chansons \u00e0 C\u00e9line pour son \u00e9ventuel prochain album fran\u00e7ais\u00a0\u00bb. Et sur les deux titres qui lui ont \u00e9t\u00e9 offerts, \u00ab\u00a0une chanson avait \u00e9t\u00e9 accept\u00e9e\u00a0\u00bb par l\u2019int\u00e9ress\u00e9e. \u00c0 la vue du succ\u00e8s de la chanson Pour que tu m\u2019aimes encore (que le p\u00e8re de Michael Goldman a \u00e9crit pour elle), nul doute que cette chanson conna\u00eetra \u00e9galement un succ\u00e8s tout aussi retentissant !<\/p>\n<p><a id=\"eztoc103255805_2\"\/>C\u00e9line Dion, malade mais d\u00e9cid\u00e9e \u00e0 revenir sur le devant de la sc\u00e8ne<\/p>\n<p>En mars 2024, bien avant son apparition remarqu\u00e9e aux JO de Paris, C\u00e9line Dion s\u2019\u00e9tait confi\u00e9e sur l\u2019avanc\u00e9e de son \u00e9tat de sant\u00e9. Atteinte de la maladie de l\u2019homme raide, l\u2019artiste avait alors confi\u00e9 mettre tout en \u0153uvre afin de pouvoir revenir pleinement sur le devant de la sc\u00e8ne. \u00ab\u00a0<a href=\"https:\/\/www.programme-television.org\/news\/musique\/artistes\/je-reste-determinee-a-remonter-sur-scene-celine-dion-evoque-son-long-combat-contre-la-maladie-4725999\" target=\"_self\" rel=\"nofollow noopener\">Essayer de surmonter ce trouble auto-immun a \u00e9t\u00e9 l&rsquo;une des exp\u00e9riences les plus difficiles de ma vie,   mais je reste d\u00e9termin\u00e9e \u00e0 remonter un jour sur sc\u00e8ne et \u00e0 vivre aussi normalement que possible<\/a>\u00ab\u00a0, avait-elle confi\u00e9 sur Instagram, avant d\u2019ajouter, avec tendresse : \u00ab\u00a0Je suis profond\u00e9ment reconnaissante pour l&rsquo;amour et le soutien de mes enfants, de ma famille, de mon \u00e9quipe et de vous tous !\u00a0\u00bb Une prise de parole lourde de sens\u2026<\/p>\n","protected":false},"excerpt":{"rendered":"C\u2019est une nouvelle qui risque d\u2019enthousiasmer les fans de la chanteuse\u2026 Depuis plusieurs semaines maintenant dans la presse,&hellip;\n","protected":false},"author":2,"featured_media":296913,"comment_status":"","ping_status":"","sticky":false,"template":"","format":"standard","meta":{"footnotes":""},"categories":[1355],"tags":[58,59,1011,27,1361,873],"class_list":{"0":"post-296912","1":"post","2":"type-post","3":"status-publish","4":"format-standard","5":"has-post-thumbnail","7":"category-musique","8":"tag-divertissement","9":"tag-entertainment","10":"tag-fr","11":"tag-france","12":"tag-music","13":"tag-musique"},"share_on_mastodon":{"url":"https:\/\/pubeurope.com\/@fr\/114973366364318808","error":""},"_links":{"self":[{"href":"https:\/\/www.europesays.com\/fr\/wp-json\/wp\/v2\/posts\/296912","targetHints":{"allow":["GET"]}}],"collection":[{"href":"https:\/\/www.europesays.com\/fr\/wp-json\/wp\/v2\/posts"}],"about":[{"href":"https:\/\/www.europesays.com\/fr\/wp-json\/wp\/v2\/types\/post"}],"author":[{"embeddable":true,"href":"https:\/\/www.europesays.com\/fr\/wp-json\/wp\/v2\/users\/2"}],"replies":[{"embeddable":true,"href":"https:\/\/www.europesays.com\/fr\/wp-json\/wp\/v2\/comments?post=296912"}],"version-history":[{"count":0,"href":"https:\/\/www.europesays.com\/fr\/wp-json\/wp\/v2\/posts\/296912\/revisions"}],"wp:featuredmedia":[{"embeddable":true,"href":"https:\/\/www.europesays.com\/fr\/wp-json\/wp\/v2\/media\/296913"}],"wp:attachment":[{"href":"https:\/\/www.europesays.com\/fr\/wp-json\/wp\/v2\/media?parent=296912"}],"wp:term":[{"taxonomy":"category","embeddable":true,"href":"https:\/\/www.europesays.com\/fr\/wp-json\/wp\/v2\/categories?post=296912"},{"taxonomy":"post_tag","embeddable":true,"href":"https:\/\/www.europesays.com\/fr\/wp-json\/wp\/v2\/tags?post=296912"}],"curies":[{"name":"wp","href":"https:\/\/api.w.org\/{rel}","templated":true}]}}