{"id":296916,"date":"2025-08-05T00:39:10","date_gmt":"2025-08-05T00:39:10","guid":{"rendered":"https:\/\/www.europesays.com\/fr\/296916\/"},"modified":"2025-08-05T00:39:10","modified_gmt":"2025-08-05T00:39:10","slug":"15-ans-avant-leur-sclerose-en-plaques-de-nombreux-patients-avaient-consulte-pour-ces-2-symptomes","status":"publish","type":"post","link":"https:\/\/www.europesays.com\/fr\/296916\/","title":{"rendered":"15 ans avant leur scl\u00e9rose en plaques de nombreux patients avaient consult\u00e9 pour ces 2 sympt\u00f4mes"},"content":{"rendered":"<p>C\u2019est la premi\u00e8re cause de handicap des jeunes adultes qui ne soit pas li\u00e9e \u00e0 un accident. La scl\u00e9rose en plaques est une maladie auto-immune qui touche le syst\u00e8me nerveux. Sa progression au fil des ans entra\u00eene un handicap qui conduit souvent \u00e0 une perte d\u2019autonomie une fois \u00e2g\u00e9. En France, plus de 120 000 personnes sont soign\u00e9es pour la scl\u00e9rose en plaques, dont plus de 70 % de femmes. Les traitements servent \u00e0 ralentir la progression de cette maladie pour le moment incurable. Plus la pathologie est d\u00e9tect\u00e9e t\u00f4t, plus ils peuvent \u00eatre mis en place rapidement. Une \u00e9quipe de chercheurs canadiens a d\u00e9couvert que les premiers probl\u00e8mes de sant\u00e9 surviennent 15 ans avant la d\u00e9claration de la maladie.<\/p>\n<p>Fatigue et anxi\u00e9t\u00e9 am\u00e8nent \u00e0 consulter 15 ans avant le diagnostic<\/p>\n<p>Cette \u00e9tude, publi\u00e9e le 1er ao\u00fbt 2025 sur JAMA Network Open, s\u2019inscrit dans un programme de recherche sur la scl\u00e9rose en plaques et ses signes avant-coureurs, dirig\u00e9 par la Dr Helen Tremlett, chercheuse canadienne \u00e0 l\u2019Universit\u00e9 de Colombie britannique. Pour ce nouveau pan de leur travail, les neurologues ont compar\u00e9 le parcours de soin de plus de 2 000 patients souffrant de scl\u00e9rose en plaques avec celui de plus de 10 000 personnes en bonne sant\u00e9. L&rsquo;historique des dossiers m\u00e9dicaux a \u00e9t\u00e9 \u00e9pluch\u00e9 jusqu\u2019\u00e0 25 ans avant le diagnostic. R\u00e9sultat : les premi\u00e8res diff\u00e9rences de parcours apparaissent 15 ans avant la maladie. 15 ans avant leur diagnostic, les patients consultent (&#8230;)<\/p>\n<p><a href=\"https:\/\/www.topsante.com\/medecine\/maladies_neurologiques\/sclerose_en_plaques\/une-etude-alerte-15-ans-avant-leur-sclerose-en-plaques-de-nombreux-patients-avaient-consulte-pour-ces-2-symptomes-923128?utm_campaign=partenariat&amp;utm_source=yahoo-articles&amp;utm_medium=flux\" rel=\"nofollow noopener\" target=\"_blank\" data-ylk=\"slk:Lire la suite sur Top Sant\u00e9;elm:context_link;itc:0;sec:content-canvas\" class=\"link \">Lire la suite sur Top Sant\u00e9<\/a><\/p>\n<p><a href=\"https:\/\/www.topsante.com\/nutrition_et_recettes\/les_bons_aliments\/plus-saine-que-le-quinoa-cette-cereale-oubliee-devrait-etre-consommee-plus-souvent-deplore-une-nutritionniste-923124?utm_campaign=partenariat&amp;utm_source=yahoo-articles&amp;utm_medium=flux\" rel=\"nofollow noopener\" target=\"_blank\" data-ylk=\"slk:Plus saine que le quinoa, cette c\u00e9r\u00e9ale oubli\u00e9e devrait \u00eatre consomm\u00e9e plus souvent, d\u00e9plore une nutritionniste;elm:context_link;itc:0;sec:content-canvas\" class=\"link \">Plus saine que le quinoa, cette c\u00e9r\u00e9ale oubli\u00e9e devrait \u00eatre consomm\u00e9e plus souvent, d\u00e9plore une nutritionniste<\/a><br \/><a href=\"https:\/\/www.topsante.com\/medecine\/troubles_du_sommeil\/des-resultats-tres-encourageants-une-pilule-pourrait-venir-a-bout-de-cette-maladie-du-sommeil-frequente-923091?utm_campaign=partenariat&amp;utm_source=yahoo-articles&amp;utm_medium=flux\" rel=\"nofollow noopener\" target=\"_blank\" data-ylk=\"slk:&quot;Des r\u00e9sultats tr\u00e8s encourageants&quot; : une pilule pourrait venir \u00e0 bout de cette maladie du sommeil fr\u00e9quente;elm:context_link;itc:0;sec:content-canvas\" class=\"link \">\u00ab\u00a0Des r\u00e9sultats tr\u00e8s encourageants\u00a0\u00bb : une pilule pourrait venir \u00e0 bout de cette maladie du sommeil fr\u00e9quente<\/a><br \/><a href=\"https:\/\/www.topsante.com\/medecine\/votre_sante_vous\/une-etude-decouvre-une-reaction-surprenante-de-notre-cerveau-lorsquon-croise-une-personne-malade-923110?utm_campaign=partenariat&amp;utm_source=yahoo-articles&amp;utm_medium=flux\" rel=\"nofollow noopener\" target=\"_blank\" data-ylk=\"slk:Une \u00e9tude d\u00e9couvre une r\u00e9action surprenante de notre cerveau lorsqu&#039;on croise une personne malade;elm:context_link;itc:0;sec:content-canvas\" class=\"link \">Une \u00e9tude d\u00e9couvre une r\u00e9action surprenante de notre cerveau lorsqu&rsquo;on croise une personne malade<\/a><br \/><a href=\"https:\/\/www.topsante.com\/medecine\/votre_sante_vous\/assurance-scolaire-et-extrascolaire-pourquoi-souscrire-921772?utm_campaign=partenariat&amp;utm_source=yahoo-articles&amp;utm_medium=flux\" rel=\"nofollow noopener\" target=\"_blank\" data-ylk=\"slk:Assurance scolaire et extrascolaire : pourquoi souscrire ?;elm:context_link;itc:0;sec:content-canvas\" class=\"link \">Assurance scolaire et extrascolaire : pourquoi souscrire ?<\/a><br \/><a href=\"https:\/\/www.topsante.com\/medecine\/cancers\/cancer_du_poumon\/ce-que-vous-mangez-pourrait-contribuer-au-cancer-du-poumon-selon-cette-etude-les-aliments-incrimines-923100?utm_campaign=partenariat&amp;utm_source=yahoo-articles&amp;utm_medium=flux\" rel=\"nofollow noopener\" target=\"_blank\" data-ylk=\"slk:Ce que vous mangez pourrait contribuer au cancer du poumon, selon cette \u00e9tude : les aliments incrimin\u00e9s;elm:context_link;itc:0;sec:content-canvas\" class=\"link \">Ce que vous mangez pourrait contribuer au cancer du poumon, selon cette \u00e9tude : les aliments incrimin\u00e9s<\/a><\/p>\n","protected":false},"excerpt":{"rendered":"C\u2019est la premi\u00e8re cause de handicap des jeunes adultes qui ne soit pas li\u00e9e \u00e0 un accident. La&hellip;\n","protected":false},"author":2,"featured_media":296917,"comment_status":"","ping_status":"","sticky":false,"template":"","format":"standard","meta":{"footnotes":""},"categories":[10],"tags":[1764,1011,27,72,24963,9952,43739,71],"class_list":{"0":"post-296916","1":"post","2":"type-post","3":"status-publish","4":"format-standard","5":"has-post-thumbnail","7":"category-sante","8":"tag-ans","9":"tag-fr","10":"tag-france","11":"tag-health","12":"tag-jeunes-adultes","13":"tag-maladie-auto-immune","14":"tag-programme-de-recherche","15":"tag-sante"},"share_on_mastodon":{"url":"https:\/\/pubeurope.com\/@fr\/114973374183237477","error":""},"_links":{"self":[{"href":"https:\/\/www.europesays.com\/fr\/wp-json\/wp\/v2\/posts\/296916","targetHints":{"allow":["GET"]}}],"collection":[{"href":"https:\/\/www.europesays.com\/fr\/wp-json\/wp\/v2\/posts"}],"about":[{"href":"https:\/\/www.europesays.com\/fr\/wp-json\/wp\/v2\/types\/post"}],"author":[{"embeddable":true,"href":"https:\/\/www.europesays.com\/fr\/wp-json\/wp\/v2\/users\/2"}],"replies":[{"embeddable":true,"href":"https:\/\/www.europesays.com\/fr\/wp-json\/wp\/v2\/comments?post=296916"}],"version-history":[{"count":0,"href":"https:\/\/www.europesays.com\/fr\/wp-json\/wp\/v2\/posts\/296916\/revisions"}],"wp:featuredmedia":[{"embeddable":true,"href":"https:\/\/www.europesays.com\/fr\/wp-json\/wp\/v2\/media\/296917"}],"wp:attachment":[{"href":"https:\/\/www.europesays.com\/fr\/wp-json\/wp\/v2\/media?parent=296916"}],"wp:term":[{"taxonomy":"category","embeddable":true,"href":"https:\/\/www.europesays.com\/fr\/wp-json\/wp\/v2\/categories?post=296916"},{"taxonomy":"post_tag","embeddable":true,"href":"https:\/\/www.europesays.com\/fr\/wp-json\/wp\/v2\/tags?post=296916"}],"curies":[{"name":"wp","href":"https:\/\/api.w.org\/{rel}","templated":true}]}}