{"id":296934,"date":"2025-08-05T00:49:24","date_gmt":"2025-08-05T00:49:24","guid":{"rendered":"https:\/\/www.europesays.com\/fr\/296934\/"},"modified":"2025-08-05T00:49:24","modified_gmt":"2025-08-05T00:49:24","slug":"lete-gourmand-une-pause-fruitee-chez-litalien-tanto-bene","status":"publish","type":"post","link":"https:\/\/www.europesays.com\/fr\/296934\/","title":{"rendered":"L\u2019\u00e9t\u00e9 gourmand. Une pause fruit\u00e9e chez l\u2019italien Tanto Bene"},"content":{"rendered":"<p>Imaginez que votre train soit retard\u00e9 pour la \u00e9ni\u00e8me fois et qu\u2019une chaleur \u00e9crasante traverse le mois d\u2019ao\u00fbt.<\/p>\n<p>Dans cette situation d\u00e9sagr\u00e9able, difficile de faire passer le temps. Heureusement pour vous, tout probl\u00e8me \u00e0 une solution. Nich\u00e9e \u00e0 quelques pas de la gare de Nancy, l\u2019enseigne Tanto Bene propose un large choix de mets sal\u00e9s et sucr\u00e9s, mais surtout des jus de fruits r\u00e9alis\u00e9s devant vous.<\/p>\n<p>R\u00e9guli\u00e8rement renouvel\u00e9, le \u00ab\u00a0jus du moment\u00a0\u00bb est confectionn\u00e9 sur demande. Cette semaine, l\u2019\u00e9tablissement met en avant un trio qui matche \u00e0 la perfection\u00a0: pomme, fraise et past\u00e8que. Nous l\u2019avons go\u00fbt\u00e9 pour vous et c\u2019est un grand oui. Ni eau, ni sucre ajout\u00e9, la texture est onctueuse, et le go\u00fbt savoureux. Sa d\u00e9gustation s\u2019av\u00e8re id\u00e9ale pour un temps ensoleill\u00e9.<\/p>\n","protected":false},"excerpt":{"rendered":"Imaginez que votre train soit retard\u00e9 pour la \u00e9ni\u00e8me fois et qu\u2019une chaleur \u00e9crasante traverse le mois d\u2019ao\u00fbt.&hellip;\n","protected":false},"author":2,"featured_media":296935,"comment_status":"","ping_status":"","sticky":false,"template":"","format":"standard","meta":{"footnotes":""},"categories":[9635],"tags":[1111,11,1704,1777,674,1011,27,775,6016,3457,1702,1703,12,25],"class_list":{"0":"post-296934","1":"post","2":"type-post","3":"status-publish","4":"format-standard","5":"has-post-thumbnail","7":"category-nancy","8":"tag-actu","9":"tag-actualites","10":"tag-edition-nancy-et-agglomeration","11":"tag-eu","12":"tag-europe","13":"tag-fr","14":"tag-france","15":"tag-grand-est","16":"tag-magazine-cuisine-et-vins","17":"tag-meurthe-et-moselle","18":"tag-nancy","19":"tag-nancy-ville-54b","20":"tag-news","21":"tag-republique-francaise"},"share_on_mastodon":{"url":"https:\/\/pubeurope.com\/@fr\/114973413389220638","error":""},"_links":{"self":[{"href":"https:\/\/www.europesays.com\/fr\/wp-json\/wp\/v2\/posts\/296934","targetHints":{"allow":["GET"]}}],"collection":[{"href":"https:\/\/www.europesays.com\/fr\/wp-json\/wp\/v2\/posts"}],"about":[{"href":"https:\/\/www.europesays.com\/fr\/wp-json\/wp\/v2\/types\/post"}],"author":[{"embeddable":true,"href":"https:\/\/www.europesays.com\/fr\/wp-json\/wp\/v2\/users\/2"}],"replies":[{"embeddable":true,"href":"https:\/\/www.europesays.com\/fr\/wp-json\/wp\/v2\/comments?post=296934"}],"version-history":[{"count":0,"href":"https:\/\/www.europesays.com\/fr\/wp-json\/wp\/v2\/posts\/296934\/revisions"}],"wp:featuredmedia":[{"embeddable":true,"href":"https:\/\/www.europesays.com\/fr\/wp-json\/wp\/v2\/media\/296935"}],"wp:attachment":[{"href":"https:\/\/www.europesays.com\/fr\/wp-json\/wp\/v2\/media?parent=296934"}],"wp:term":[{"taxonomy":"category","embeddable":true,"href":"https:\/\/www.europesays.com\/fr\/wp-json\/wp\/v2\/categories?post=296934"},{"taxonomy":"post_tag","embeddable":true,"href":"https:\/\/www.europesays.com\/fr\/wp-json\/wp\/v2\/tags?post=296934"}],"curies":[{"name":"wp","href":"https:\/\/api.w.org\/{rel}","templated":true}]}}