{"id":296936,"date":"2025-08-05T00:52:08","date_gmt":"2025-08-05T00:52:08","guid":{"rendered":"https:\/\/www.europesays.com\/fr\/296936\/"},"modified":"2025-08-05T00:52:08","modified_gmt":"2025-08-05T00:52:08","slug":"saison-13-louis-et-jacques-majorelle-de-nancy-a-marrakech-une-maison-un-artiste","status":"publish","type":"post","link":"https:\/\/www.europesays.com\/fr\/296936\/","title":{"rendered":"Saison 13 &#8211; Louis et Jacques Majorelle, de Nancy \u00e0 Marrakech &#8211; Une maison, un artiste"},"content":{"rendered":"<p>            R\u00e9sum\u00e9 du programme<\/p>\n<p>\n                La Villa Majorelle \u00e0 Nancy est un v\u00e9ritable tr\u00e9sor architectural qui exprime bien l&rsquo;Art nouveau du 20\u00e8me si\u00e8cle. C&rsquo;est dans cette villa que Louis Majorelle, artiste d\u00e9corateur, a v\u00e9cu avec son fils Jacques, devenu peintre. Les deux hommes ont partag\u00e9 leur amour pour l&rsquo;art. Ils ont notamment accord\u00e9 une place importante \u00e0 la nature dans leurs cr\u00e9ations. Ainsi, impr\u00e9gn\u00e9s du mouvement de l&rsquo;Art nouveau, ils ont su marquer l&rsquo;art du 20\u00e8me si\u00e8cle. Jacques sera notamment connu pour ses jardins \u00e0 Marrakech, appel\u00e9s Jardin Majorelle.\n            <\/p>\n","protected":false},"excerpt":{"rendered":"R\u00e9sum\u00e9 du programme La Villa Majorelle \u00e0 Nancy est un v\u00e9ritable tr\u00e9sor architectural qui exprime bien l&rsquo;Art nouveau&hellip;\n","protected":false},"author":2,"featured_media":39176,"comment_status":"","ping_status":"","sticky":false,"template":"","format":"standard","meta":{"footnotes":""},"categories":[9635],"tags":[1111,11,251,1190,1777,674,1011,27,775,43575,1702,12,5240,25,43574,43573],"class_list":{"0":"post-296936","1":"post","2":"type-post","3":"status-publish","4":"format-standard","5":"has-post-thumbnail","7":"category-nancy","8":"tag-actu","9":"tag-actualites","10":"tag-culture","11":"tag-documentaire","12":"tag-eu","13":"tag-europe","14":"tag-fr","15":"tag-france","16":"tag-grand-est","17":"tag-jean-rousselot","18":"tag-nancy","19":"tag-news","20":"tag-programme","21":"tag-republique-francaise","22":"tag-un-artiste","23":"tag-une-maison"},"share_on_mastodon":{"url":"https:\/\/pubeurope.com\/@fr\/114973425159175302","error":""},"_links":{"self":[{"href":"https:\/\/www.europesays.com\/fr\/wp-json\/wp\/v2\/posts\/296936","targetHints":{"allow":["GET"]}}],"collection":[{"href":"https:\/\/www.europesays.com\/fr\/wp-json\/wp\/v2\/posts"}],"about":[{"href":"https:\/\/www.europesays.com\/fr\/wp-json\/wp\/v2\/types\/post"}],"author":[{"embeddable":true,"href":"https:\/\/www.europesays.com\/fr\/wp-json\/wp\/v2\/users\/2"}],"replies":[{"embeddable":true,"href":"https:\/\/www.europesays.com\/fr\/wp-json\/wp\/v2\/comments?post=296936"}],"version-history":[{"count":0,"href":"https:\/\/www.europesays.com\/fr\/wp-json\/wp\/v2\/posts\/296936\/revisions"}],"wp:featuredmedia":[{"embeddable":true,"href":"https:\/\/www.europesays.com\/fr\/wp-json\/wp\/v2\/media\/39176"}],"wp:attachment":[{"href":"https:\/\/www.europesays.com\/fr\/wp-json\/wp\/v2\/media?parent=296936"}],"wp:term":[{"taxonomy":"category","embeddable":true,"href":"https:\/\/www.europesays.com\/fr\/wp-json\/wp\/v2\/categories?post=296936"},{"taxonomy":"post_tag","embeddable":true,"href":"https:\/\/www.europesays.com\/fr\/wp-json\/wp\/v2\/tags?post=296936"}],"curies":[{"name":"wp","href":"https:\/\/api.w.org\/{rel}","templated":true}]}}