{"id":296937,"date":"2025-08-05T00:55:15","date_gmt":"2025-08-05T00:55:15","guid":{"rendered":"https:\/\/www.europesays.com\/fr\/296937\/"},"modified":"2025-08-05T00:55:15","modified_gmt":"2025-08-05T00:55:15","slug":"a-perols-scott-et-chanat-pour-la-1ere-de-la-ficelle-dargent-avenir","status":"publish","type":"post","link":"https:\/\/www.europesays.com\/fr\/296937\/","title":{"rendered":"\u00c0 P\u00e9rols, Scott et Chanat pour la 1\u00e8re de la ficelle d\u2019argent (Avenir)"},"content":{"rendered":"<p><strong>Entr\u00e9e\u00a0: 1\/2 ar\u00e8ne. Organisateur\u00a0: mairie. Pr\u00e9sident\u00a0: Joris Alvarez. Raseteurs droitiers\u00a0: Ayme, Briand-Sastre, Boukharta, Friakh, Zidan. Raseteurs gauchers\u00a0: Chanat, J.\u00a0Martinez, Sola. Tourneurs\u00a0: Bensalah, Galibert, Jockin.<\/strong><\/p>\n<p>Pour cette premi\u00e8re journ\u00e9e de la ficelle d\u2019argent, comptant pour le<a href=\"https:\/\/www.laprovence.com\/article\/region\/39265489225896\/trophee-de-lavenir-le-quatuor-final-honore-le-trophee-lacroix-roumieux-a-vallabregues\" target=\"_blank\" rel=\"noopener\"> troph\u00e9e de l\u2019avenir<\/a>, un concours de 3 manades \u00e9tait pr\u00e9sent\u00e9 par la mairie. Devant une petite entr\u00e9e, pourtant \u00e0 18h, les 8 raseteurs pr\u00e9sents ont travaill\u00e9 sans rel\u00e2che. Une premi\u00e8re partie qui a du mal \u00e0 d\u00e9marrer, conclue par Maquis qui se blesse et regagne le toril plus t\u00f4t que pr\u00e9vu. En seconde partie, le s\u00e9rieux de C\u00e9sario, la bravoure de Canotier et pour terminer par le spectaculaire et fantasque Scott. Chez les hommes, Chanat totalise, bien second\u00e9 par Martinez. M\u00eame si tous ont apport\u00e9, ce n\u2019est pas la ficelle d\u2019argent d\u2019antan.<\/p>\n","protected":false},"excerpt":{"rendered":"Entr\u00e9e\u00a0: 1\/2 ar\u00e8ne. Organisateur\u00a0: mairie. Pr\u00e9sident\u00a0: Joris Alvarez. Raseteurs droitiers\u00a0: Ayme, Briand-Sastre, Boukharta, Friakh, Zidan. Raseteurs gauchers\u00a0: Chanat,&hellip;\n","protected":false},"author":2,"featured_media":296938,"comment_status":"","ping_status":"","sticky":false,"template":"","format":"standard","meta":{"footnotes":""},"categories":[9599],"tags":[43743,17,1111,11,13912,43742,6466,1777,674,1011,27,2208,12,2680,23537,471,16,25,43741],"class_list":{"0":"post-296937","1":"post","2":"type-post","3":"status-publish","4":"format-standard","5":"has-post-thumbnail","7":"category-montpellier","8":"tag-1ere","9":"tag-17","10":"tag-actu","11":"tag-actualites","12":"tag-camarguaise","13":"tag-chanat","14":"tag-course","15":"tag-eu","16":"tag-europe","17":"tag-fr","18":"tag-france","19":"tag-montpellier","20":"tag-news","21":"tag-occitanie","22":"tag-perols","23":"tag-pour","24":"tag-region","25":"tag-republique-francaise","26":"tag-scott"},"share_on_mastodon":{"url":"https:\/\/pubeurope.com\/@fr\/114973437102763279","error":""},"_links":{"self":[{"href":"https:\/\/www.europesays.com\/fr\/wp-json\/wp\/v2\/posts\/296937","targetHints":{"allow":["GET"]}}],"collection":[{"href":"https:\/\/www.europesays.com\/fr\/wp-json\/wp\/v2\/posts"}],"about":[{"href":"https:\/\/www.europesays.com\/fr\/wp-json\/wp\/v2\/types\/post"}],"author":[{"embeddable":true,"href":"https:\/\/www.europesays.com\/fr\/wp-json\/wp\/v2\/users\/2"}],"replies":[{"embeddable":true,"href":"https:\/\/www.europesays.com\/fr\/wp-json\/wp\/v2\/comments?post=296937"}],"version-history":[{"count":0,"href":"https:\/\/www.europesays.com\/fr\/wp-json\/wp\/v2\/posts\/296937\/revisions"}],"wp:featuredmedia":[{"embeddable":true,"href":"https:\/\/www.europesays.com\/fr\/wp-json\/wp\/v2\/media\/296938"}],"wp:attachment":[{"href":"https:\/\/www.europesays.com\/fr\/wp-json\/wp\/v2\/media?parent=296937"}],"wp:term":[{"taxonomy":"category","embeddable":true,"href":"https:\/\/www.europesays.com\/fr\/wp-json\/wp\/v2\/categories?post=296937"},{"taxonomy":"post_tag","embeddable":true,"href":"https:\/\/www.europesays.com\/fr\/wp-json\/wp\/v2\/tags?post=296937"}],"curies":[{"name":"wp","href":"https:\/\/api.w.org\/{rel}","templated":true}]}}