{"id":296943,"date":"2025-08-05T01:01:12","date_gmt":"2025-08-05T01:01:12","guid":{"rendered":"https:\/\/www.europesays.com\/fr\/296943\/"},"modified":"2025-08-05T01:01:12","modified_gmt":"2025-08-05T01:01:12","slug":"feu-dans-un-parking-souterrain-avenue-henri-freville-a-rennes-60-pompiers-et-14-vehicules","status":"publish","type":"post","link":"https:\/\/www.europesays.com\/fr\/296943\/","title":{"rendered":"Feu dans un parking souterrain avenue Henri Fr\u00e9ville \u00e0 Rennes\u00a0: 60\u00a0pompiers et 14\u00a0v\u00e9hicules"},"content":{"rendered":"<p>Ce sont des habitants de plusieurs immeubles situ\u00e9es au niveau du 11,\u00a0rue Henri Fr\u00e9ville, dans le sud de Rennes, qui ont donn\u00e9 l\u2019alerte un peu avant minuit ce lundi 4\u00a0ao\u00fbt 2025. Etonn\u00e9s de voir de la fum\u00e9e se r\u00e9pandre dans leurs immeubles en provenance des all\u00e9es souterraines menant au grand parking souterrain.<\/p>\n<p>Tr\u00e8s rapidement, les pompiers sont alert\u00e9s et le centre de secours et d\u2019incendie d\u2019Ille-et-Vilaine d\u00e9p\u00eache sur place d\u2019importants moyens en provenance des centres de secours rennais. En tout, une soixantaine de pompiers dont plusieurs \u00e9quip\u00e9s d\u2019appareils respiratoires autonomes et une quinzaine de v\u00e9hicules. Des policiers de la brigade de nuit du commissariat de Rennes sont \u00e9galement sur place pour assurer la s\u00e9curit\u00e9 des pompiers et \u00e9cart\u00e9s les personnes un peu trop curieuses.<\/p>\n<p>\t<img decoding=\"async\" src=\"https:\/\/www.europesays.com\/fr\/wp-content\/uploads\/2025\/08\/P35390495D6924554G_px_640_.jpg\" alt=\"photo les pompiers sont intervenus en nombre pour un feu de v\u00e9hicule dans un parking souterrain pr\u00e8s de l\u2019avenue henri fr\u00e9ville \u00e0 rennes.  \u00a9  ouest-france\" width=\"640\" title=\" Les pompiers sont intervenus en nombre pour un feu de v\u00e9hicule dans un parking souterrain pr\u00e8s de l\u2019avenue Henri Fr\u00e9ville \u00e0 Rennes.   Ouest-France \"\/><\/p>\n<p class=\"elmt-legende\"> Les pompiers sont intervenus en nombre pour un feu de v\u00e9hicule dans un parking souterrain pr\u00e8s de l\u2019avenue Henri Fr\u00e9ville \u00e0 Rennes.   Ouest-France <\/p>\n<p>Premi\u00e8re mission des pompiers\u00a0: identifier l\u2019origine du feu. Selon un officier pr\u00e9sent sur place, l\u2019incendie, pour une raison encore ind\u00e9termin\u00e9e, aurait pris dans un v\u00e9hicule situ\u00e9 au niveau moins 1\u00a0du parking pr\u00e8s du 6,\u00a0all\u00e9e de la Goupill\u00e8re.<\/p>\n<p>Les combattants du feu ont ensuite proc\u00e9d\u00e9 \u00e0 la ventilation du parking et des diff\u00e9rentes all\u00e9es menant aux immeubles.<\/p>\n<p>\u00a0<\/p>\n","protected":false},"excerpt":{"rendered":"Ce sont des habitants de plusieurs immeubles situ\u00e9es au niveau du 11,\u00a0rue Henri Fr\u00e9ville, dans le sud de&hellip;\n","protected":false},"author":2,"featured_media":296944,"comment_status":"","ping_status":"","sticky":false,"template":"","format":"standard","meta":{"footnotes":""},"categories":[2821],"tags":[5659,4934,1111,11,43600,829,43745,1777,674,1312,1011,27,43744,6553,12,16025,1311,3086,584,25,19861,7727],"class_list":{"0":"post-296943","1":"post","2":"type-post","3":"status-publish","4":"format-standard","5":"has-post-thumbnail","7":"category-rennes","8":"tag-5659","9":"tag-4934","10":"tag-actu","11":"tag-actualites","12":"tag-avenue","13":"tag-bretagne","14":"tag-engages","15":"tag-eu","16":"tag-europe","17":"tag-feu","18":"tag-fr","19":"tag-france","20":"tag-freville","21":"tag-henri","22":"tag-news","23":"tag-parking","24":"tag-pompiers","25":"tag-redon","26":"tag-rennes","27":"tag-republique-francaise","28":"tag-souterrain","29":"tag-vehicules"},"share_on_mastodon":{"url":"https:\/\/pubeurope.com\/@fr\/114973460828296908","error":""},"_links":{"self":[{"href":"https:\/\/www.europesays.com\/fr\/wp-json\/wp\/v2\/posts\/296943","targetHints":{"allow":["GET"]}}],"collection":[{"href":"https:\/\/www.europesays.com\/fr\/wp-json\/wp\/v2\/posts"}],"about":[{"href":"https:\/\/www.europesays.com\/fr\/wp-json\/wp\/v2\/types\/post"}],"author":[{"embeddable":true,"href":"https:\/\/www.europesays.com\/fr\/wp-json\/wp\/v2\/users\/2"}],"replies":[{"embeddable":true,"href":"https:\/\/www.europesays.com\/fr\/wp-json\/wp\/v2\/comments?post=296943"}],"version-history":[{"count":0,"href":"https:\/\/www.europesays.com\/fr\/wp-json\/wp\/v2\/posts\/296943\/revisions"}],"wp:featuredmedia":[{"embeddable":true,"href":"https:\/\/www.europesays.com\/fr\/wp-json\/wp\/v2\/media\/296944"}],"wp:attachment":[{"href":"https:\/\/www.europesays.com\/fr\/wp-json\/wp\/v2\/media?parent=296943"}],"wp:term":[{"taxonomy":"category","embeddable":true,"href":"https:\/\/www.europesays.com\/fr\/wp-json\/wp\/v2\/categories?post=296943"},{"taxonomy":"post_tag","embeddable":true,"href":"https:\/\/www.europesays.com\/fr\/wp-json\/wp\/v2\/tags?post=296943"}],"curies":[{"name":"wp","href":"https:\/\/api.w.org\/{rel}","templated":true}]}}