{"id":296971,"date":"2025-08-05T01:21:12","date_gmt":"2025-08-05T01:21:12","guid":{"rendered":"https:\/\/www.europesays.com\/fr\/296971\/"},"modified":"2025-08-05T01:21:12","modified_gmt":"2025-08-05T01:21:12","slug":"ratp-comment-se-rendre-a-laeroport-dorly-pendant-la-semaine-de-fermeture-de-la-ligne-14-du-metro","status":"publish","type":"post","link":"https:\/\/www.europesays.com\/fr\/296971\/","title":{"rendered":"RATP. Comment se rendre \u00e0 l&rsquo;a\u00e9roport d&rsquo;Orly pendant la semaine de fermeture de la ligne 14 du m\u00e9tro\u00a0?"},"content":{"rendered":"<p>            Par<br \/>\n        <strong><br \/>\n            <a href=\"https:\/\/actu.fr\/auteur\/redaction-paris\" title=\"Consulter tous les articles de R\u00e9daction Paris\" target=\"_blank\" rel=\"noopener\">R\u00e9daction Paris<\/a><br \/>\n        <\/strong><\/p>\n<p>        Publi\u00e9 le<\/p>\n<p>            4 ao\u00fbt 2025 \u00e0 18h30        <\/p>\n<p>C\u2019est une semaine qui s\u2019annonce difficile dans les m\u00e9tros \u00e0 Paris. \u00c0 compter de ce lundi\u00a04 \u00e0 22\u00a0heures et jusqu\u2019au vendredi 8\u00a0ao\u00fbt 2025, <a href=\"https:\/\/actu.fr\/ile-de-france\/boulogne-billancourt_92012\/ratp-la-ligne-9-du-metro-fermee-plusieurs-jours-entre-les-hauts-de-seine-et-la-seine-saint-denis_62970885.html\" target=\"_blank\" rel=\"noopener\">les lignes 9<\/a> et 14 seront enti\u00e8rement coup\u00e9es. Selon leur trajet, les usagers de la <a href=\"https:\/\/actu.fr\/tag\/ratp\" target=\"_blank\" rel=\"noopener\">RATP<\/a> devront donc <strong>anticiper leurs d\u00e9placements<\/strong>. Ce sera notamment le cas de celles et ceux qui souhaitent se rendre \u00e0 <a href=\"https:\/\/actu.fr\/tag\/aeroport-dorly\" target=\"_blank\" rel=\"noopener\">l\u2019a\u00e9roport d\u2019Orly<\/a>, desservi depuis peu par la ligne 14.<\/p>\n<p>M\u00e9tro, tramway, bus<\/p>\n<p class=\" wall-content\">Plusieurs options s\u2019offrent aux voyageurs\u2009:<\/p>\n<p class=\" wall-content\">\u2013 La ligne de <strong>m\u00e9tro 7<\/strong> jusqu\u2019\u00e0 Villejuif \u2013 Louis Aragon, puis en montant dans le <strong>tramway 7<\/strong>.<\/p>\n<p class=\" wall-content\">\u2013 L\u2019OrlyVal \u00e0 Antony\u2009: un <strong>bus de remplacement<\/strong> du RER B est disponible entre La Croix de Berny et Antony<\/p>\n<p class=\" wall-content\">\u2013 Une navette de remplacement du <strong>m\u00e9tro 14<\/strong> op\u00e9rera dans les deux sens, entre Denfert-Rochereau et l\u2019A\u00e9roport d\u2019Orly, du 4 au 8\u00a0ao\u00fbt inclus.<\/p>\n<p class=\" wall-content\">\u00c0\u00a0noter que des Noctiliens seront mis en place toutes les nuits.<\/p>\n<p>Pourquoi cette fermeture\u2009?<\/p>\n<p class=\" wall-content\">Des tests de fonctionnalit\u00e9 du syst\u00e8me de pilotage sont n\u00e9cessaires.\u00a0Ils permettront d\u2019\u00e9valuer l\u2019efficacit\u00e9 et la s\u00fbret\u00e9 du nouveau syst\u00e8me en conditions r\u00e9elles \u00ab\u2009pour le rendre encore plus performant, et am\u00e9liorer la gestion d\u2019incidents d\u2019exploitation.\u2009\u00bb<\/p>\n<p class=\" wall-content\">Suivez toute l\u2019actualit\u00e9 de vos villes et m\u00e9dias favoris en vous inscrivant \u00e0 <a href=\"https:\/\/moncompte.actu.fr\" title=\"D\u00e9couvez Mon Actu\" rel=\"nofollow noopener\" data-trk=\"{&quot;cta&quot;:{&quot;action&quot;:&quot;https:\\\/\\\/moncompte.actu.fr&quot;,&quot;category&quot;:&quot;mon compte&quot;,&quot;from&quot;:&quot;article footer&quot;,&quot;name&quot;:&quot;Mon actu&quot;,&quot;type&quot;:&quot;cta&quot;}}\" target=\"_blank\">Mon Actu<\/a>.<\/p>\n","protected":false},"excerpt":{"rendered":"Par R\u00e9daction Paris Publi\u00e9 le 4 ao\u00fbt 2025 \u00e0 18h30 C\u2019est une semaine qui s\u2019annonce difficile dans les&hellip;\n","protected":false},"author":2,"featured_media":296972,"comment_status":"","ping_status":"","sticky":false,"template":"","format":"standard","meta":{"footnotes":""},"categories":[1888],"tags":[1111,1928,11,1927,1777,674,1011,27,12,1926,626,1925,625,25,104],"class_list":{"0":"post-296971","1":"post","2":"type-post","3":"status-publish","4":"format-standard","5":"has-post-thumbnail","7":"category-paris","8":"tag-actu","9":"tag-actu-paris","10":"tag-actualites","11":"tag-actualites-paris","12":"tag-eu","13":"tag-europe","14":"tag-fr","15":"tag-france","16":"tag-news","17":"tag-news-paris","18":"tag-paris","19":"tag-paris-news","20":"tag-ratp","21":"tag-republique-francaise","22":"tag-societe"},"share_on_mastodon":{"url":"https:\/\/pubeurope.com\/@fr\/114973539429470103","error":""},"_links":{"self":[{"href":"https:\/\/www.europesays.com\/fr\/wp-json\/wp\/v2\/posts\/296971","targetHints":{"allow":["GET"]}}],"collection":[{"href":"https:\/\/www.europesays.com\/fr\/wp-json\/wp\/v2\/posts"}],"about":[{"href":"https:\/\/www.europesays.com\/fr\/wp-json\/wp\/v2\/types\/post"}],"author":[{"embeddable":true,"href":"https:\/\/www.europesays.com\/fr\/wp-json\/wp\/v2\/users\/2"}],"replies":[{"embeddable":true,"href":"https:\/\/www.europesays.com\/fr\/wp-json\/wp\/v2\/comments?post=296971"}],"version-history":[{"count":0,"href":"https:\/\/www.europesays.com\/fr\/wp-json\/wp\/v2\/posts\/296971\/revisions"}],"wp:featuredmedia":[{"embeddable":true,"href":"https:\/\/www.europesays.com\/fr\/wp-json\/wp\/v2\/media\/296972"}],"wp:attachment":[{"href":"https:\/\/www.europesays.com\/fr\/wp-json\/wp\/v2\/media?parent=296971"}],"wp:term":[{"taxonomy":"category","embeddable":true,"href":"https:\/\/www.europesays.com\/fr\/wp-json\/wp\/v2\/categories?post=296971"},{"taxonomy":"post_tag","embeddable":true,"href":"https:\/\/www.europesays.com\/fr\/wp-json\/wp\/v2\/tags?post=296971"}],"curies":[{"name":"wp","href":"https:\/\/api.w.org\/{rel}","templated":true}]}}