{"id":297001,"date":"2025-08-05T01:40:13","date_gmt":"2025-08-05T01:40:13","guid":{"rendered":"https:\/\/www.europesays.com\/fr\/297001\/"},"modified":"2025-08-05T01:40:13","modified_gmt":"2025-08-05T01:40:13","slug":"motogp-michele-pirro-ducati-evoque-le-malaise-voir-pecco-bagnaia-en-difficulte-me-gene-un-peu","status":"publish","type":"post","link":"https:\/\/www.europesays.com\/fr\/297001\/","title":{"rendered":"MotoGP, Michele Pirro (Ducati) \u00e9voque le malaise\u00a0: \u00ab\u00a0Voir Pecco Bagnaia en difficult\u00e9 me g\u00eane un peu&#8230;\u00a0\u00bb"},"content":{"rendered":"<p><strong><a href=\"https:\/\/www.paddock-gp.com\/parlons-motogp-voici-pourquoi-cette-saison-fait-tres-mal-a-pecco-bagnaia\/\" target=\"_blank\" rel=\"noopener\">La diff\u00e9rence de niveau entre Pecco<br \/>\nBagnaia et Marc Marquez depuis le d\u00e9but de cette saison fait<br \/>\nforc\u00e9ment grincer des dents<\/a> chez Ducati\u00a0; aujourd\u2019hui,<br \/>\nc\u2019est Michele Pirro, le fid\u00e8le pilote d\u2019essai de la firme de Borgo<br \/>\nPanigale, qui l\u2019\u00e9voque. Pirro tient son poste depuis 2013, et a \u00e9t\u00e9<br \/>\nl\u2019un des architectes majeurs du succ\u00e8s de Gigi Dall\u2019Igna. Il est<br \/>\nplus rare de le voir faire des piges en raison de son \u00e2ge, mais son<br \/>\nsens du d\u00e9veloppement est encore mis \u00e0 contribution pour les<br \/>\nprototypes Ducati, mais aussi les motos de s\u00e9rie. L\u2019une de ses<br \/>\nmissions, pour la fin de cette saison, sera d\u2019aider Pecco Bagnaia \u00e0<br \/>\nretrouver des sensations au guidon de la GP25.<\/strong><\/p>\n<p>Michele Pirro n\u2019oublie pas de mentionner Marc Marquez, \u00e0 qui<br \/>\ntout sourit depuis le GP de Tha\u00eflande. \u00ab\u00a0<strong>Nous<br \/>\nsavons que M\u00e1rquez a toujours \u00e9t\u00e9 un pilote incroyablement<br \/>\ntalentueux, capable de s\u2019adapter \u00e0 toutes les conditions et \u00e0<br \/>\ntoutes les motos<\/strong>.\u00a0Je pense que cela a quelque peu<br \/>\nd\u00e9stabilis\u00e9 le syst\u00e8me, et Bagnaia, qui a montr\u00e9 au fil des ans<br \/>\nqu\u2019il avait peut-\u00eatre besoin de quelques courses pour trouver le<br \/>\nbon feeling, a rencontr\u00e9 plus de difficult\u00e9s. \u00c9videmment, avec<br \/>\nM\u00e1rquez comme co\u00e9quipier qui ne signale pas certains probl\u00e8mes,<br \/>\n<strong>il est difficile de comprendre o\u00f9 est la<br \/>\nfaute<\/strong>.\u00a0\u00bb pouvait-on lire dans les colonnes de<br \/>\n<a href=\"https:\/\/www.motosan.es\/motogp\/pirro-marquez-ha-vuelto-a-demostrar-su-valor-me-da-pena-bagnaia-que-ha-traido-de-vuelta-el-mundial-a-ducati\/\" target=\"_blank\" rel=\"noopener\">Motosan<\/a>.<\/p>\n<p>\u00a0<\/p>\n<blockquote class=\"twitter-tweet\" data-width=\"550\" data-dnt=\"true\">\n<p lang=\"en\" dir=\"ltr\">\ud83c\udf81\ud83d\udd34<br \/>Christmas presents earlier than expected\u2026<\/p>\n<p>First feelings about Ducati Desmo450 MX \ud83d\ude0a<a href=\"https:\/\/twitter.com\/hashtag\/ForzaDucati?src=hash&amp;ref_src=twsrc%5Etfw\" target=\"_blank\" rel=\"noopener\">#ForzaDucati<\/a><br \/>\n<a href=\"https:\/\/twitter.com\/hashtag\/DucatiLenovoTeam?src=hash&amp;ref_src=twsrc%5Etfw\" target=\"_blank\" rel=\"noopener\"><br \/>\n#DucatiLenovoTeam<\/a> <a href=\"https:\/\/t.co\/WeTnR5vAjF\">pic.twitter.com\/WeTnR5vAjF<\/a><\/p>\n<p>\u2014 Ducati Corse (@ducaticorse) <a href=\"https:\/\/twitter.com\/ducaticorse\/status\/1950865243912995320?ref_src=twsrc%5Etfw\" target=\"_blank\" rel=\"noopener\"><br \/>\nJuly 31, 2025<\/a><\/p>\n<\/blockquote>\n<p>\u00a0<\/p>\n<p>L\u2019Italien ne perd pas espoir pour son compatriote Bagnaia, mais<br \/>\nsait qu\u2019il faudra abattre beaucoup de travail pour qu\u2019il retrouve<br \/>\nson niveau d\u2019antan. \u00ab\u00a0<strong>Nous allons lui donner un<br \/>\ncoup de main pour qu\u2019il soit en mesure de bien terminer cette<br \/>\nsaison<\/strong> et, surtout, de pr\u00e9parer l\u2019ann\u00e9e prochaine, car son<br \/>\npackage restera le m\u00eame, m\u00eame s\u2019il sera am\u00e9lior\u00e9. Si nous parvenons<br \/>\n\u00e0 lui permettre de retrouver ce feeling avant la fin de l\u2019ann\u00e9e,<br \/>\n<strong>la saison 2026 commencera certainement du bon<br \/>\npied<\/strong>.\u00a0\u00bb ajoutait-il.<\/p>\n<p>Malgr\u00e9 les r\u00e9sultats exceptionnels de Ducati, il est triste pour<br \/>\nBagnaia, qu\u2019il c\u00f4toie r\u00e9guli\u00e8rement depuis 2019. Il n\u2019est pas<br \/>\nplaisant de voir le triple champion du monde gal\u00e9rer de la sorte.<br \/>\n\u00ab\u00a0<strong>Je suis convaincu que nous avons l\u2019\u00e9quipe la<br \/>\nplus forte, une vraie dream team, et nous pouvons \u00eatre<br \/>\nsatisfaits<\/strong>.\u00a0Je suis heureux que M\u00e1rquez ait une fois<br \/>\nde plus d\u00e9montr\u00e9 sa valeur, m\u00eame si, d\u2019un autre c\u00f4t\u00e9, je plains<br \/>\nPecco, car c\u2019est lui qui a ramen\u00e9 le Championnat du monde \u00e0 Ducati.<br \/>\nNous travaillons ensemble depuis de nombreuses ann\u00e9es, <strong>je<br \/>\nl\u2019ai vu grandir, et le voir en si grande difficult\u00e9 me g\u00eane un peu.<br \/>\nNous essayons de l\u2019aider par tous les moyens, mais parfois ce n\u2019est<br \/>\npas suffisant<\/strong>.\u00a0\u00bb concluait-il.<\/p>\n<p>Quelle est votre analyse concernant le d\u00e9but de saison de<br \/>\nPecco\u00a0? <strong>Dites-le-nous en<br \/>\ncommentaires\u00a0!<\/strong><\/p>\n<p>\u00a0<\/p>\n<p><img loading=\"lazy\" decoding=\"async\" aria-describedby=\"caption-attachment-1310697\" class=\"size-full wp-image-1310697\" src=\"https:\/\/www.europesays.com\/fr\/wp-content\/uploads\/2025\/08\/Bagnaia-Courses-2.jpg\" alt=\"MotoGP manque\" width=\"799\" height=\"533\"  \/><\/p>\n<p id=\"caption-attachment-1310697\" class=\"wp-caption-text\">On<br \/>\npensait que \u00e7a allait \u00eatre explosif avec deux stars sous le m\u00eame<br \/>\nauvent, et en fait, c\u2019est tout l\u2019inverse. Photo : Michelin<br \/>\nMotorsport<\/p>\n<p><script async src=\"https:\/\/platform.twitter.com\/widgets.js\" charset=\"utf-8\"><\/script><\/p>\n","protected":false},"excerpt":{"rendered":"La diff\u00e9rence de niveau entre Pecco Bagnaia et Marc Marquez depuis le d\u00e9but de cette saison fait forc\u00e9ment&hellip;\n","protected":false},"author":2,"featured_media":297002,"comment_status":"","ping_status":"","sticky":false,"template":"","format":"standard","meta":{"footnotes":""},"categories":[1413],"tags":[1011,27,1457,1456,60],"class_list":{"0":"post-297001","1":"post","2":"type-post","3":"status-publish","4":"format-standard","5":"has-post-thumbnail","7":"category-moto","8":"tag-fr","9":"tag-france","10":"tag-moto","11":"tag-motocycle","12":"tag-sports"},"share_on_mastodon":{"url":"https:\/\/pubeurope.com\/@fr\/114973613983794705","error":""},"_links":{"self":[{"href":"https:\/\/www.europesays.com\/fr\/wp-json\/wp\/v2\/posts\/297001","targetHints":{"allow":["GET"]}}],"collection":[{"href":"https:\/\/www.europesays.com\/fr\/wp-json\/wp\/v2\/posts"}],"about":[{"href":"https:\/\/www.europesays.com\/fr\/wp-json\/wp\/v2\/types\/post"}],"author":[{"embeddable":true,"href":"https:\/\/www.europesays.com\/fr\/wp-json\/wp\/v2\/users\/2"}],"replies":[{"embeddable":true,"href":"https:\/\/www.europesays.com\/fr\/wp-json\/wp\/v2\/comments?post=297001"}],"version-history":[{"count":0,"href":"https:\/\/www.europesays.com\/fr\/wp-json\/wp\/v2\/posts\/297001\/revisions"}],"wp:featuredmedia":[{"embeddable":true,"href":"https:\/\/www.europesays.com\/fr\/wp-json\/wp\/v2\/media\/297002"}],"wp:attachment":[{"href":"https:\/\/www.europesays.com\/fr\/wp-json\/wp\/v2\/media?parent=297001"}],"wp:term":[{"taxonomy":"category","embeddable":true,"href":"https:\/\/www.europesays.com\/fr\/wp-json\/wp\/v2\/categories?post=297001"},{"taxonomy":"post_tag","embeddable":true,"href":"https:\/\/www.europesays.com\/fr\/wp-json\/wp\/v2\/tags?post=297001"}],"curies":[{"name":"wp","href":"https:\/\/api.w.org\/{rel}","templated":true}]}}