{"id":297009,"date":"2025-08-05T01:44:11","date_gmt":"2025-08-05T01:44:11","guid":{"rendered":"https:\/\/www.europesays.com\/fr\/297009\/"},"modified":"2025-08-05T01:44:11","modified_gmt":"2025-08-05T01:44:11","slug":"une-star-de-la-tele-a-accouche-a-la-maison-et-on-ne-remercie-pas-son-mari-celebre-dj-pour-la-photo-du-placenta","status":"publish","type":"post","link":"https:\/\/www.europesays.com\/fr\/297009\/","title":{"rendered":"Une star de la t\u00e9l\u00e9 a accouch\u00e9 \u00e0 la maison et on ne remercie pas son mari c\u00e9l\u00e8bre DJ pour la photo du placenta"},"content":{"rendered":"<p data-start=\"116\" data-end=\"504\">Depuis plusieurs semaines, les<br \/>\n<strong>rumeurs<\/strong> s\u2019agrandissaient concernant une <a href=\"https:\/\/www.closermag.fr\/royautes\/kate-middleton-ce-secret-de-beaute-qui-intrigue-une-celebre-animatrice-britannique-1185534#item=1\" rel=\"nofollow noopener\" target=\"_blank\"><br \/>\nc\u00e9l\u00e8bre animatrice britannique<\/a> aper\u00e7ue<br \/>\n<strong>enceinte<\/strong> \u00e0 <a href=\"https:\/\/www.closermag.fr\/people\/sofia-vergara-a-53-ans-en-string-et-seins-nus-au-bord-de-leau-elle-fait-grimper-la-temperature-a-ibiza-3562877\" rel=\"nofollow noopener\" target=\"_blank\"><br \/>\nIbiza<\/a> avec le p\u00e8re, un <a href=\"https:\/\/www.closermag.fr\/people\/calvin-harris-liam-payne-akon-charlie-puth-ils-rendent-tous-hommage-a-avicii-803383#item=1\" rel=\"nofollow noopener\" target=\"_blank\"><br \/>\nDJ mondialement connu<\/a>. Quelques clich\u00e9s partag\u00e9s en juin<br \/>\ndernier laissaient deviner une <strong>grossesse<\/strong> bien<br \/>\navanc\u00e9e. Et une <strong>pause radio<\/strong> annonc\u00e9e au printemps<br \/>\nn\u2019a fait que renforcer les <strong>soup\u00e7ons<\/strong>. Mais c\u2019est<br \/>\nfinalement ce lundi 4 ao\u00fbt que le couple a confirm\u00e9 l\u2019heureux<br \/>\n\u00e9v\u00e9nement.<\/p>\n<p data-start=\"506\" data-end=\"884\">Le couple a d\u00e9voil\u00e9 une s\u00e9rie de<br \/>\n<strong>photos<\/strong> intimes publi\u00e9es sur Instagram. Le p\u00e8re du<br \/>\nb\u00e9b\u00e9, un <strong>DJ<\/strong> mondialement connu, y rend hommage \u00e0<br \/>\nsa femme avec <strong>\u00e9motion<\/strong>. Il y \u00e9voque un <a href=\"https:\/\/www.closermag.fr\/people\/gigi-hadid-et-zayn-malik-parents-le-mannequin-se-confie-sur-son-accouchement-a-la-maison-1242172#item=1\" rel=\"nofollow noopener\" target=\"_blank\"><br \/>\naccouchement naturel \u00e0 la maison<\/a>, dans leur propri\u00e9t\u00e9 de r\u00eave<br \/>\nsur l\u2019\u00eele espagnole. Le message, tendre et sinc\u00e8re, aurait pu<br \/>\ns\u2019arr\u00eater l\u00e0. Mais une <strong>image en particulier a d\u00e9clench\u00e9 un<br \/>\ncertain malaise\u2026<\/strong><\/p>\n<p>Un clich\u00e9 du placenta qui divise les fans de Calvin Harris et<br \/>\nVick Hope<\/p>\n<p data-start=\"938\" data-end=\"1293\"><strong>Vick Hope,<\/strong><br \/>\nanimatrice de la BBC Radio 1, a donn\u00e9 naissance \u00e0 son<br \/>\n<strong>premier enfant.<\/strong> Le petit gar\u00e7on pr\u00e9nomm\u00e9<br \/>\n<strong>Micah<\/strong> a vu le jour dans une <strong>piscine<br \/>\nd\u2019accouchement<\/strong> install\u00e9e \u00e0 domicile. Ce moment intime,<br \/>\n<a href=\"https:\/\/www.closermag.fr\/people\/le-nouveau-clip-de-calvin-harris-un-message-adresse-a-taylor-swift-680784\" rel=\"nofollow noopener\" target=\"_blank\"><br \/>\nCalvin Harris<\/a> a tenu \u00e0 l\u2019immortaliser sur les r\u00e9seaux.<br \/>\nL\u2019artiste DJ \u00e9cossais a salu\u00e9 la force de son \u00e9pouse, la d\u00e9crivant<br \/>\ncomme une \u00ab\u00a0<strong>superh\u00e9ro\u00efne<\/strong>\u00a0\u00bb \u00e0 la<br \/>\n\u00ab\u00a0<strong>sagesse primale<\/strong>\u00ab\u00a0.<\/p>\n<p data-start=\"1295\" data-end=\"1808\">Mais dans cette publication<br \/>\ntr\u00e8s <strong>personnelle<\/strong>, un d\u00e9tail a interpell\u00e9 : une<br \/>\n<strong>photo crue du placenta de Vick Hope<\/strong>. Le clich\u00e9<br \/>\n\u00e9tait accompagn\u00e9 d\u2019une explication sur sa <strong>transformation en<br \/>\ng\u00e9lules<\/strong>. Cette pratique est appel\u00e9e placentophagie. Cela<br \/>\nconsiste \u00e0 <strong>s\u00e9cher et broyer l\u2019organe pour le consommer en<br \/>\ncapsules<\/strong> cens\u00e9es aider la m\u00e8re en post-partum. Si certains<br \/>\ny croient, la science reste <strong>sceptique<\/strong>. Ce choix<br \/>\ntr\u00e8s personnel a \u00e9t\u00e9 mis en avant aussi publiquement par Calvin<br \/>\nHarris et Vick Hope. R\u00e9sultat ? Un m\u00e9lange de<br \/>\n<strong>curiosit\u00e9<\/strong>, de <strong>malaise<\/strong>\u2026 et de<br \/>\ncommentaires tr\u00e8s partag\u00e9s.<\/p>\n<p><img loading=\"lazy\" decoding=\"async\" aria-describedby=\"caption-attachment-3569164\" itemprop=\"thumbnailUrl\" class=\"wp-image-3569164 img-responsive size-large\" src=\"https:\/\/www.europesays.com\/fr\/wp-content\/uploads\/2025\/08\/img_0226-1464x1024.jpeg\" alt=\"Une star de la t\u00e9l\u00e9 a accouch\u00e9 \u00e0 la maison et on ne remercie pas son mari c\u00e9l\u00e8bre DJ pour la photo du placenta\" width=\"1464\" height=\"1024\"\/> \u00a9 Instagram<\/p>\n<p id=\"caption-attachment-3569164\" class=\"wp-caption-text\">Une star<br \/>\nde la t\u00e9l\u00e9 a accouch\u00e9 \u00e0 la maison et on ne remercie pas son mari<br \/>\nc\u00e9l\u00e8bre DJ pour la photo du placenta<\/p>\n<p>Le d\u00e9but d\u2019une nouvelle vie \u00e0 la<br \/>\ncampagne pour le couple et leur enfant<\/p>\n<p data-start=\"1862\" data-end=\"2264\">Loin de la sc\u00e8ne londonienne,<br \/>\nle couple semble vouloir poser ses valises dans un cadre plus<br \/>\n<strong>tranquille<\/strong>. Vick Hope et Calvin Harris partagent<br \/>\nleur temps entre <strong>Ibiza<\/strong> et la campagne<br \/>\n<strong>anglaise<\/strong> o\u00f9 le DJ s\u2019est constitu\u00e9 un v\u00e9ritable<br \/>\nempire immobilier. Dans les <strong>Cotswolds<\/strong>, leur future<br \/>\nmaison familiale, reconstruite de A \u00e0 Z, va leur offrir tout le<br \/>\nconfort moderne. Les bonus ? <strong>Piscine, court de tennis et<br \/>\nune vue imprenable.<\/strong><\/p>\n<p data-start=\"2266\" data-end=\"2708\" data-is-last-node=\"\" data-is-only-node=\"\">Ce projet de vie \u00e0 deux s\u2019accompagne d\u2019un<br \/>\n<strong>changement de rythme<\/strong>. Depuis plusieurs mois, Vick<br \/>\nHope pr\u00e9pare son <strong>d\u00e9part<\/strong> temporaire de la radio,<br \/>\ntandis que Calvin Harris poursuit sa saison de DJ dans les<br \/>\n<strong>clubs d\u2019Ibiza<\/strong>. \u00c0 terme, les jeunes parents<br \/>\ndevraient s\u2019installer dans leur nouveau domaine, entour\u00e9s de<br \/>\n<strong>nature<\/strong>\u2026 et de voisins tr\u00e8s c\u00e9l\u00e8bres, comme les<br \/>\n<a href=\"https:\/\/www.closermag.fr\/people\/les-beckham-a-saint-tropez-victoria-se-serait-bien-passee-de-cette-prise-de-parole-acide-de-la-maitresse-presumee-de-david-3568939\" rel=\"nofollow noopener\" target=\"_blank\"><br \/>\nBeckham<\/a> ou Kate Moss\u2026<\/p>\n","protected":false},"excerpt":{"rendered":"Depuis plusieurs semaines, les rumeurs s\u2019agrandissaient concernant une c\u00e9l\u00e8bre animatrice britannique aper\u00e7ue enceinte \u00e0 Ibiza avec le p\u00e8re,&hellip;\n","protected":false},"author":2,"featured_media":297010,"comment_status":"","ping_status":"","sticky":false,"template":"","format":"standard","meta":{"footnotes":""},"categories":[1359],"tags":[548,43750,58,59,1011,27,973],"class_list":{"0":"post-297009","1":"post","2":"type-post","3":"status-publish","4":"format-standard","5":"has-post-thumbnail","7":"category-people","8":"tag-article-simple","9":"tag-calvin-harris","10":"tag-divertissement","11":"tag-entertainment","12":"tag-fr","13":"tag-france","14":"tag-people"},"share_on_mastodon":{"url":"https:\/\/pubeurope.com\/@fr\/114973629805970465","error":""},"_links":{"self":[{"href":"https:\/\/www.europesays.com\/fr\/wp-json\/wp\/v2\/posts\/297009","targetHints":{"allow":["GET"]}}],"collection":[{"href":"https:\/\/www.europesays.com\/fr\/wp-json\/wp\/v2\/posts"}],"about":[{"href":"https:\/\/www.europesays.com\/fr\/wp-json\/wp\/v2\/types\/post"}],"author":[{"embeddable":true,"href":"https:\/\/www.europesays.com\/fr\/wp-json\/wp\/v2\/users\/2"}],"replies":[{"embeddable":true,"href":"https:\/\/www.europesays.com\/fr\/wp-json\/wp\/v2\/comments?post=297009"}],"version-history":[{"count":0,"href":"https:\/\/www.europesays.com\/fr\/wp-json\/wp\/v2\/posts\/297009\/revisions"}],"wp:featuredmedia":[{"embeddable":true,"href":"https:\/\/www.europesays.com\/fr\/wp-json\/wp\/v2\/media\/297010"}],"wp:attachment":[{"href":"https:\/\/www.europesays.com\/fr\/wp-json\/wp\/v2\/media?parent=297009"}],"wp:term":[{"taxonomy":"category","embeddable":true,"href":"https:\/\/www.europesays.com\/fr\/wp-json\/wp\/v2\/categories?post=297009"},{"taxonomy":"post_tag","embeddable":true,"href":"https:\/\/www.europesays.com\/fr\/wp-json\/wp\/v2\/tags?post=297009"}],"curies":[{"name":"wp","href":"https:\/\/api.w.org\/{rel}","templated":true}]}}