{"id":297013,"date":"2025-08-05T01:46:10","date_gmt":"2025-08-05T01:46:10","guid":{"rendered":"https:\/\/www.europesays.com\/fr\/297013\/"},"modified":"2025-08-05T01:46:10","modified_gmt":"2025-08-05T01:46:10","slug":"atelier-livre-en-recyclage-avec-gaelle-callac-journees-du-patrimoine-2025-manoir-des-livres-lucinges-74380","status":"publish","type":"post","link":"https:\/\/www.europesays.com\/fr\/297013\/","title":{"rendered":"Atelier livre en recyclage avec Ga\u00eblle Callac &#8211; Journ\u00e9es du Patrimoine 2025 &#8211; Manoir des livres &#8211; Lucinges, 74380"},"content":{"rendered":"<p>Dans le cadre des Journ\u00e9es europ\u00e9ennes du patrimoine, l\u2019Archipel Butor propose un atelier de cr\u00e9ation d\u2019un livre-objet r\u00e9alis\u00e9 \u00e0 partir d\u2019un objet \u00ab\u00a0bon pour le recyclage\u00a0\u00bb avec Ga\u00eblle Callac.  <br \/>Et si une bo\u00eete d\u2019allumettes pouvait devenir le coffret d\u2019un livre miniature ? Un bout de tissu, un furoshiki ? Un bout de bois, un rouleau d\u2019adh\u00e9sif vide peuvent servir de support \u00e0 un parchemin \u2026 une fourchette jetable devient la source d\u2019inspiration d\u2019une histoire \u2026  <br \/>Il est possible de d\u00e9tourner des objets du quotidien, de se servir d\u2019objets destin\u00e9s au recyclage afin qu\u2019ils servent de support \u00e0 un livre qu\u2019il faudra illustrer et penser. Ce livre leur offrira alors une nouvelle vie.  <br \/>Chaque participant est libre d\u2019apporter un objet de son choix pour le guider dans sa cr\u00e9ation : bouchon, pack de lait, bouteille d\u2019eau, emballage, &#8230;  <br \/>Atelier gratuit &#8211; Tout public, \u00e0 partir de 7 ans si accompagn\u00e9 d&rsquo;un adulte &#8211; Inscripion obligatoire<\/p>\n<p><b>Horaires :<\/b><br \/>20\/09 de 10:00 \u00e0 12:00<br \/>21\/09 de 10:00 \u00e0 12:00<\/p>\n<p><b>Informations compl\u00e9mentaires :<\/b> Lien pour inscription aux diff\u00e9rentes sessions d&rsquo;atelier : https:\/\/www.archipel-butor.fr\/evenement\/journees-europeennes-du-patrimoine-2025\/<\/p>\n<p><b>Journ\u00e9es Europ\u00e9ennes du Patrimoine 2025<\/b><\/p>\n<p><b>Th\u00e8mes<\/b> : Atelier \/ D\u00e9monstration \/ Savoir-faire<\/p>\n<p><b>Adresse :<\/b> Manoir des livres; Chemin du ch\u00e2teau, 74380 Lucinges, Haute-Savoie, Auvergne-Rh\u00f4ne-Alpes<\/p>\n<p>Pr\u00e9sentation de l&rsquo;\u00e9v\u00e9nement et visuel propos\u00e9 par \u00a9Ga\u00eblleCallac dans le cadre des Journ\u00e9es du Patrimoine 2025<br \/>Source : Minist\u00e8re de la Culture et de la Communication \/ journeesdupatrimoine.fr<br \/>Plus d&rsquo;\u00e9v\u00e9nements pour les Journ\u00e9es Europ\u00e9ennes du Patrimoine \u00e0 retrouver ici :<br \/><a href=\"https:\/\/www.leparisien.fr\/etudiant\/sortir\/lyon\/journees-du-patrimoine\/\" rel=\"nofollow noopener\" target=\"_blank\"><b>Journ\u00e9es du Patrimoine 2025 &#8211; Lyon et sa r\u00e9gion<\/b><\/a><\/p>\n","protected":false},"excerpt":{"rendered":"Dans le cadre des Journ\u00e9es europ\u00e9ennes du patrimoine, l\u2019Archipel Butor propose un atelier de cr\u00e9ation d\u2019un livre-objet r\u00e9alis\u00e9&hellip;\n","protected":false},"author":2,"featured_media":297014,"comment_status":"","ping_status":"","sticky":false,"template":"","format":"standard","meta":{"footnotes":""},"categories":[1357],"tags":[1379,58,59,1011,27,1380],"class_list":{"0":"post-297013","1":"post","2":"type-post","3":"status-publish","4":"format-standard","5":"has-post-thumbnail","7":"category-livres","8":"tag-books","9":"tag-divertissement","10":"tag-entertainment","11":"tag-fr","12":"tag-france","13":"tag-livres"},"share_on_mastodon":{"url":"https:\/\/pubeurope.com\/@fr\/114973637620539234","error":""},"_links":{"self":[{"href":"https:\/\/www.europesays.com\/fr\/wp-json\/wp\/v2\/posts\/297013","targetHints":{"allow":["GET"]}}],"collection":[{"href":"https:\/\/www.europesays.com\/fr\/wp-json\/wp\/v2\/posts"}],"about":[{"href":"https:\/\/www.europesays.com\/fr\/wp-json\/wp\/v2\/types\/post"}],"author":[{"embeddable":true,"href":"https:\/\/www.europesays.com\/fr\/wp-json\/wp\/v2\/users\/2"}],"replies":[{"embeddable":true,"href":"https:\/\/www.europesays.com\/fr\/wp-json\/wp\/v2\/comments?post=297013"}],"version-history":[{"count":0,"href":"https:\/\/www.europesays.com\/fr\/wp-json\/wp\/v2\/posts\/297013\/revisions"}],"wp:featuredmedia":[{"embeddable":true,"href":"https:\/\/www.europesays.com\/fr\/wp-json\/wp\/v2\/media\/297014"}],"wp:attachment":[{"href":"https:\/\/www.europesays.com\/fr\/wp-json\/wp\/v2\/media?parent=297013"}],"wp:term":[{"taxonomy":"category","embeddable":true,"href":"https:\/\/www.europesays.com\/fr\/wp-json\/wp\/v2\/categories?post=297013"},{"taxonomy":"post_tag","embeddable":true,"href":"https:\/\/www.europesays.com\/fr\/wp-json\/wp\/v2\/tags?post=297013"}],"curies":[{"name":"wp","href":"https:\/\/api.w.org\/{rel}","templated":true}]}}