{"id":297015,"date":"2025-08-05T01:47:21","date_gmt":"2025-08-05T01:47:21","guid":{"rendered":"https:\/\/www.europesays.com\/fr\/297015\/"},"modified":"2025-08-05T01:47:21","modified_gmt":"2025-08-05T01:47:21","slug":"marceau-est-le-principal-suspect-du-meurtre-de-la-fete-foraine-le-resume-de-lepisode-2002-du-mardi-5-aout-2025","status":"publish","type":"post","link":"https:\/\/www.europesays.com\/fr\/297015\/","title":{"rendered":"Marceau est le principal suspect du meurtre de la f\u00eate foraine ! Le r\u00e9sum\u00e9 de l&rsquo;\u00e9pisode 2002 du mardi 5 ao\u00fbt 2025"},"content":{"rendered":"<p><b>Mardi 5 ao\u00fbt 2025 dans <\/b><b>Demain nous appartient<\/b> <b>sur TF1<\/b>, d\u00e9j\u00e0 disponible en streaming sur TF1+, avec <a href=\"https:\/\/www.programme-tv.net\/news\/series-tv\/384286-demain-nous-appartient-on-connait-la-date-d-arrivee-d-ambroise-michel-dans-la-serie-de-tf1\/\" data-api-deeplink=\"teleloisirs:\/\/news\/384286\" target=\"_blank\" rel=\"noopener\">Ambroise Michel qui arrive<\/a> et un <a href=\"https:\/\/www.programme-tv.net\/news\/series-tv\/384517-4-mois-apres-son-depart-de-demain-nous-appartient-gregoire-champion-arbore-un-nouveau-look-et-il-est-meconnaissable-photos\/\" data-api-deeplink=\"teleloisirs:\/\/news\/384517\" target=\"_blank\" rel=\"noopener\">Gr\u00e9goire Champion m\u00e9connaissable<\/a>&#8230; \u00c0 l&rsquo;h\u00f4pital, Samuel et Aaron discutent de la mort de <a href=\"https:\/\/www.programme-tv.net\/news\/series-tv\/384361-demain-nous-appartient-en-avance-jack-et-lizzie-echappent-a-la-mort-a-la-fete-foraine-une-femme-tuee-annie-corinne-touzet-fait-son-arrivee-le-resume-de-l-episode-2001-du-lundi-4-aout-2025\/\" data-api-deeplink=\"teleloisirs:\/\/news\/384361\" target=\"_blank\" rel=\"noopener\">la mort d&rsquo;H\u00e9l\u00e8ne \u00e0 la f\u00eate foraine<\/a>. Pour les flics, il s&rsquo;agit d&rsquo;un meurtre. Sara d\u00e9barque \u00e0 Saint-Clair pour interroger Aaron sur ses relations tendues avec la victime. Le m\u00e9decin r\u00e9agit tr\u00e8s mal mais Sara, ferme, ne lui laisse pas le choix : il doit la suivre au commissariat.<\/p>\n<p><b>Demain nous appartient <\/b><b>en avance\u00a0: \u00c0 quoi joue Sylvain avec Annie ?<\/b><\/p>\n<p>Chez les Moreno, Annie est emb\u00eat\u00e9e. Elle n&rsquo;arrive pas \u00e0 ouvrir sa valise. Christelle propose alors \u00e0 Sylvain de s&rsquo;en charger. Et c&rsquo;est justement ce qu&rsquo;il fait, quelques instants plus tard. Mais, visiblement sous pression, il s\u2019y prend mal et casse le verrou, rendant la valise inutilisable. C&rsquo;est ce que constate Annie en arrivant sur place. Peu rancuni\u00e8re, elle offre ses cadeaux \u00e0 Christelle et Sylvain, qui re\u00e7oit ainsi un carillon traditionnel autrefois utilis\u00e9 pour signaler les vents porteurs de maladies. Sylvain n&rsquo;est clairement pas emball\u00e9 par cette offrande.<\/p>\n<p>                        <b>Demain nous appartient <\/b><b>en avance\u00a0: Martin va demander Rapha\u00eblle en mariage<\/b><\/p>\n<p>Au Spoon, Nordine se plaint de <a href=\"https:\/\/www.programme-tv.net\/news\/series-tv\/384137-demain-nous-appartient-en-avance-pierre-est-il-mort-michael-l-a-t-il-tue-manon-et-nordine-demenagent-le-resume-de-l-episode-1997-du-mardi-29-juillet-2025\/\" data-api-deeplink=\"teleloisirs:\/\/news\/384137\" target=\"_blank\" rel=\"noopener\">l&rsquo;appartement lou\u00e9 avec Manon<\/a>. Il y fait bien trop chaud ! Heureusement, l\u2019amour est au beau fixe dans le couple. Devant tant de bonheur, Martin annonce \u00e0 son fils que lui aussi veut avancer. Il a pris une d\u00e9cision : Il a d\u00e9cid\u00e9 de demander Rapha\u00eblle en mariage. Peu apr\u00e8s, Martin est avec S\u00e9bastien au Spoon. Ils \u00e9voquent <a href=\"https:\/\/www.programme-tv.net\/news\/series-tv\/384412-demain-nous-appartient-en-avance-michael-se-rend-judith-est-liberee-et-embrasse-jordan-le-resume-de-l-episode-2000-du-vendredi-1er-aout-2025\/\" data-api-deeplink=\"teleloisirs:\/\/news\/384412\" target=\"_blank\" rel=\"noopener\">l&rsquo;affaire Micha\u00ebl Feray<\/a> et le commandant exprime ses regrets, notamment vis-\u00e0-vis des enfants de ce dernier. Changeant compl\u00e8tement de sujet, Martin finit par avouer au p\u00e8re de Rapha\u00eblle qu&rsquo;il compte la demander en mariage. Apr\u00e8s avoir un peu taquin\u00e9 Martin, S\u00e9bastien lui donne sa b\u00e9n\u00e9diction, avant de lui rappeler que c&rsquo;est avant tout \u00e0 Rapha\u00eblle de lui dire \u00ab\u00a0oui\u00a0\u00bb&#8230; ou \u00ab\u00a0non\u00a0\u00bb. Revenu \u00e0 la maison, Martin informe Camille et Maud de sa d\u00e9cision et leur demande de lui laisser la maison ce soir pour faire sa demande. Malheureusement quand cette derni\u00e8re rentre, elle dit tout de suite \u00e0 Martin qu&rsquo;elle se sent mal apr\u00e8s avoir mang\u00e9 quelque chose qui ne passe pas. En plus, elle a encore une tonne de travail \u00e0 faire. Martin est d\u00e9\u00e7u mais il ne le montre pas et ne dit rien.<\/p>\n<p>            <b>Demain nous appartient <\/b><b>en avance\u00a0: Lisa a quitt\u00e9 Aaron !<\/b><\/p>\n<p>Au commissariat, Sara lit la main courante d\u00e9pos\u00e9e peu avant sa mort par H\u00e9l\u00e8ne, la victime du grand huit. Assist\u00e9 de Simon, son fr\u00e8re avocat, Aaron se justifie sur ses agissements \u00e0 l&rsquo;h\u00f4pital : s&rsquo;il a \u00e9lev\u00e9 la voix contre elle pendant une intervention, c&rsquo;est parce qu&rsquo;il voulait sauver un patient, quitte \u00e0 mettre de c\u00f4t\u00e9 la proc\u00e9dure. Puis, il critique maladroitement le caract\u00e8re de la victime. Simon reprend la main en demandant \u00e0 Sara si elle suspecte Aaron. La flic lui r\u00e9torque qu&rsquo;elle qu\u2019elle explore toutes les pistes. En ce qui concerne son alibi, Aaron est formel : ses colocataires pourront se porter garant. Une fois en dehors du commissariat, Simon reproche \u00e0 Aaron son attitude pendant l&rsquo;interrogatoire. Il admet \u00eatre \u00e0 cran. <a href=\"https:\/\/www.programme-tv.net\/news\/series-tv\/361464-demain-nous-appartient-en-avance-diego-est-innocent-timothee-fait-une-crise-lisa-et-amel-quittent-sete-le-resume-de-l-episode-1780-du-vendredi-27-septembre-2024\/\" data-api-deeplink=\"teleloisirs:\/\/news\/361464\" target=\"_blank\" rel=\"noopener\">Il a eu Lisa au t\u00e9l\u00e9phone la semaine pass\u00e9e et elle lui a annonc\u00e9 \u00eatre en couple avec quelqu&rsquo;un<\/a>. Simon en profite pour ouvrir son c\u0153ur \u00e9galement : depuis Camille, il a le sentiment de stagner. Les deux fr\u00e8res songent alors \u00e0 ce qu&rsquo;ils ont v\u00e9cu et \u00e0 quoi aurait pu ressembler leurs vies dans d&rsquo;autres circonstances. Simon glisse alors qu&rsquo;il a ce profond d\u00e9sir d\u2019aller en Turquie pour mieux comprendre ses origines.. Interrog\u00e9e par Aurore, Victoire confirme l&rsquo;alibi d&rsquo;Aaron. De toute fa\u00e7on, pour la flic, le mode op\u00e9ratoire du meurtre ne correspond pas au profil d\u2019Aaron. Sara, elle, a \u00e9pluch\u00e9 les comptes consult\u00e9s par H\u00e9l\u00e8ne sur l&rsquo;appli de rencontres : aucun suspect en vue. Quant \u00e0 la capsule de chlore gazeux, l&rsquo;arme du crime, Damien a constat\u00e9 que le num\u00e9ro de s\u00e9rie avait \u00e9t\u00e9 lim\u00e9. Mais il y a une bonne nouvelle : Roxane a re\u00e7u les images de vid\u00e9osurveillance de la f\u00eate foraine. Gr\u00e2ce \u00e0 la fine analyse de la vid\u00e9osurveillance, Roxane isole l\u2019image du suspect, v\u00eatu du costume de la mascotte du parc. Georges r\u00e9v\u00e8le alors qu&rsquo;il s&rsquo;agit de celui port\u00e9 par Bastien. Convoqu\u00e9 au commissariat, Bastien r\u00e9v\u00e8le que son costume a disparu des vestiaires. Il l&rsquo;a port\u00e9 la derni\u00e8re fois le dimanche pr\u00e9c\u00e9dent, apr\u00e8s son service vers 22h15. Bastien glisse alors qu&rsquo;il y a un bon moyen de le retrouver : tous les costumes du parc sont munis d&rsquo;une puce pour les g\u00e9olocaliser. Et justement au m\u00eame moment, un individu portant le costume se balade dans S\u00e8te ! Roxane ayant r\u00e9ussi \u00e0 le localiser, Aurore se rend imm\u00e9diatement sur place.<\/p>\n<p>                        Demain nous appartient : Marceau principal suspect du meurtre d&rsquo;H\u00e9l\u00e8ne<\/p>\n<p>La soir\u00e9e d\u00e9bute \u00e0 la paillote. Ludo retrouve Victoire et Fred. Il est seul, Joyce est partie \u00e0 Malaga pour annoncer sa grossesse \u00e0 ses parents. C&rsquo;est alors qu&rsquo;Aurore et Sara d\u00e9barquent pour un contr\u00f4le. La tension est \u00e0 son comble. Sara v\u00e9rifie tous les sacs, un \u00e0 un. Elle finit par d\u00e9couvrir le masque de la mascotte. Quand Aurore demande \u00e0 qui appartient le sac incrimin\u00e9, Marceau, qui se tient \u00e0 c\u00f4t\u00e9 de Lilou, r\u00e9pond \u00ab\u00a0\u00c0 moi\u00a0\u00bb. Il est d\u00e9sormais le principal suspect du meurtre d&rsquo;H\u00e9l\u00e8ne.<\/p>\n","protected":false},"excerpt":{"rendered":"Mardi 5 ao\u00fbt 2025 dans Demain nous appartient sur TF1, d\u00e9j\u00e0 disponible en streaming sur TF1+, avec Ambroise&hellip;\n","protected":false},"author":2,"featured_media":297016,"comment_status":"","ping_status":"","sticky":false,"template":"","format":"standard","meta":{"footnotes":""},"categories":[1356],"tags":[244,3598,5247,58,59,1011,27,5250,5249,5248,5246,5252,252,199,5251,1364],"class_list":{"0":"post-297015","1":"post","2":"type-post","3":"status-publish","4":"format-standard","5":"has-post-thumbnail","7":"category-television","8":"tag-commentaire","9":"tag-demain-nous-appartient","10":"tag-demain-nous-appartient-en-avance","11":"tag-divertissement","12":"tag-entertainment","13":"tag-fr","14":"tag-france","15":"tag-lorie","16":"tag-mytf1-max","17":"tag-ru00e9sumu00e9-demain-nous-appartient","18":"tag-ru00e9sumu00e9-en-avance-demain-nous-appartient","19":"tag-su00e9ries-mania","20":"tag-television","21":"tag-tf1","22":"tag-tu00e9lu00e9-loisirs","23":"tag-tv"},"share_on_mastodon":{"url":"https:\/\/pubeurope.com\/@fr\/114973641606373801","error":""},"_links":{"self":[{"href":"https:\/\/www.europesays.com\/fr\/wp-json\/wp\/v2\/posts\/297015","targetHints":{"allow":["GET"]}}],"collection":[{"href":"https:\/\/www.europesays.com\/fr\/wp-json\/wp\/v2\/posts"}],"about":[{"href":"https:\/\/www.europesays.com\/fr\/wp-json\/wp\/v2\/types\/post"}],"author":[{"embeddable":true,"href":"https:\/\/www.europesays.com\/fr\/wp-json\/wp\/v2\/users\/2"}],"replies":[{"embeddable":true,"href":"https:\/\/www.europesays.com\/fr\/wp-json\/wp\/v2\/comments?post=297015"}],"version-history":[{"count":0,"href":"https:\/\/www.europesays.com\/fr\/wp-json\/wp\/v2\/posts\/297015\/revisions"}],"wp:featuredmedia":[{"embeddable":true,"href":"https:\/\/www.europesays.com\/fr\/wp-json\/wp\/v2\/media\/297016"}],"wp:attachment":[{"href":"https:\/\/www.europesays.com\/fr\/wp-json\/wp\/v2\/media?parent=297015"}],"wp:term":[{"taxonomy":"category","embeddable":true,"href":"https:\/\/www.europesays.com\/fr\/wp-json\/wp\/v2\/categories?post=297015"},{"taxonomy":"post_tag","embeddable":true,"href":"https:\/\/www.europesays.com\/fr\/wp-json\/wp\/v2\/tags?post=297015"}],"curies":[{"name":"wp","href":"https:\/\/api.w.org\/{rel}","templated":true}]}}