{"id":297019,"date":"2025-08-05T01:49:10","date_gmt":"2025-08-05T01:49:10","guid":{"rendered":"https:\/\/www.europesays.com\/fr\/297019\/"},"modified":"2025-08-05T01:49:10","modified_gmt":"2025-08-05T01:49:10","slug":"normale-en-replay-france-tv","status":"publish","type":"post","link":"https:\/\/www.europesays.com\/fr\/297019\/","title":{"rendered":"Normale en replay | France TV"},"content":{"rendered":"<p>Diffus\u00e9 le 04\/08\/2025 \u00e0 23h40 &#8211; Disponible jusqu&rsquo;au 12\/08\/2025<\/p>\n<p>Atteint d&rsquo;une scl\u00e9rose en plaques, William passe ses journ\u00e9es en robe de chambre, alternant entre jeux vid\u00e9o et pizzas. A la maison, c&rsquo;est sa fille Lucie, une adolescente de 15 ans, qui g\u00e8re toutes les t\u00e2ches du quotidien. Entre le m\u00e9nage, un petit boulot au noir et ses cours au coll\u00e8ge, Lucie n&rsquo;a pas une minute \u00e0 elle. Pour \u00e9chapper un peu \u00e0 cette vie difficile, elle se lance dans l&rsquo;\u00e9criture d&rsquo;un roman autobiographique. Lorsqu&rsquo;elle apprend qu&rsquo;une assistante sociale va leur rendre visite, c&rsquo;est le choc. Avec son p\u00e8re, Lucie met tout en oeuvre afin de donner l&rsquo;illusion qu&rsquo;ils vivent une vie normale et que William parvient \u00e0 s&rsquo;occuper de sa fille&#8230;<\/p>\n<p>Maison de production :<\/p>\n<p>Eurimages \/ Haut et Court \/ Tarantula \/ Page 1 \/ Wallimage \/ France 2 Cin\u00e9ma \/ Radio-t\u00e9l\u00e9vision belge de la Communaut\u00e9 fran\u00e7aise (RTBF) \/ VOO \/ BE TV \/ Proximus \/ Canal+ \/ Cin\u00e9+ \/ France T\u00e9l\u00e9visions \/ Centre national du cin\u00e9ma et de l&rsquo;image anim\u00e9e (C<\/p>\n<p>R\u00e9alis\u00e9 par :<\/p>\n<p>Olivier Babinet<\/p>\n<p>Avec :<\/p>\n<p>Beno\u00eet Poelvoorde, Justine Lacroix, Joseph Roz\u00e9, Sofian Khammes, Steve Tientcheu, Djeneba Bortin, Mayline Dubois, Saadia Benta\u00efeb<\/p>\n<p>Sc\u00e9naristes :<\/p>\n<p>Olivier Babinet, Juliette Sales, Fabien Suarez<\/p>\n","protected":false},"excerpt":{"rendered":"Diffus\u00e9 le 04\/08\/2025 \u00e0 23h40 &#8211; Disponible jusqu&rsquo;au 12\/08\/2025 Atteint d&rsquo;une scl\u00e9rose en plaques, William passe ses journ\u00e9es&hellip;\n","protected":false},"author":2,"featured_media":297020,"comment_status":"","ping_status":"","sticky":false,"template":"","format":"standard","meta":{"footnotes":""},"categories":[1354],"tags":[58,59,1346,1011,27,1360],"class_list":{"0":"post-297019","1":"post","2":"type-post","3":"status-publish","4":"format-standard","5":"has-post-thumbnail","7":"category-films","8":"tag-divertissement","9":"tag-entertainment","10":"tag-films","11":"tag-fr","12":"tag-france","13":"tag-movies"},"share_on_mastodon":{"url":"https:\/\/pubeurope.com\/@fr\/114973649353960722","error":""},"_links":{"self":[{"href":"https:\/\/www.europesays.com\/fr\/wp-json\/wp\/v2\/posts\/297019","targetHints":{"allow":["GET"]}}],"collection":[{"href":"https:\/\/www.europesays.com\/fr\/wp-json\/wp\/v2\/posts"}],"about":[{"href":"https:\/\/www.europesays.com\/fr\/wp-json\/wp\/v2\/types\/post"}],"author":[{"embeddable":true,"href":"https:\/\/www.europesays.com\/fr\/wp-json\/wp\/v2\/users\/2"}],"replies":[{"embeddable":true,"href":"https:\/\/www.europesays.com\/fr\/wp-json\/wp\/v2\/comments?post=297019"}],"version-history":[{"count":0,"href":"https:\/\/www.europesays.com\/fr\/wp-json\/wp\/v2\/posts\/297019\/revisions"}],"wp:featuredmedia":[{"embeddable":true,"href":"https:\/\/www.europesays.com\/fr\/wp-json\/wp\/v2\/media\/297020"}],"wp:attachment":[{"href":"https:\/\/www.europesays.com\/fr\/wp-json\/wp\/v2\/media?parent=297019"}],"wp:term":[{"taxonomy":"category","embeddable":true,"href":"https:\/\/www.europesays.com\/fr\/wp-json\/wp\/v2\/categories?post=297019"},{"taxonomy":"post_tag","embeddable":true,"href":"https:\/\/www.europesays.com\/fr\/wp-json\/wp\/v2\/tags?post=297019"}],"curies":[{"name":"wp","href":"https:\/\/api.w.org\/{rel}","templated":true}]}}