{"id":297021,"date":"2025-08-05T01:50:13","date_gmt":"2025-08-05T01:50:13","guid":{"rendered":"https:\/\/www.europesays.com\/fr\/297021\/"},"modified":"2025-08-05T01:50:13","modified_gmt":"2025-08-05T01:50:13","slug":"virus-du-nil-occidental-le-luxembourg-en-alerte","status":"publish","type":"post","link":"https:\/\/www.europesays.com\/fr\/297021\/","title":{"rendered":"Virus du Nil occidental\u00a0: le Luxembourg en alerte"},"content":{"rendered":"<p>Actualis\u00e94. ao\u00fbt 2025, 20:47<\/p>\n<p>Neuf morts en Italie: Le Luxembourg surveille la fi\u00e8vre du Nil occidental<\/p>\n<p>En Italie, neuf personnes sont d\u00e9c\u00e9d\u00e9es depuis janvier des suites d&rsquo;une infection par le virus du Nil occidental. Le LIH est vigilant.<\/p>\n<p><img loading=\"lazy\" decoding=\"async\" src=\"https:\/\/www.europesays.com\/fr\/wp-content\/uploads\/2025\/08\/abbcb1d8-5fdc-491f-8ff0-3eefa0e6bb35.jpg\" alt=\"Le Luxembourg Institute of Health estime que le virus appara\u00eetra \u00e9galement au Luxembourg \u00e0 l'avenir.\" title=\"Le Luxembourg Institute of Health estime que le virus appara\u00eetra \u00e9galement au Luxembourg \u00e0 l'avenir.\"  width=\"1200\" height=\"676\"\/><\/p>\n<p>Le Luxembourg Institute of Health estime que le virus appara\u00eetra \u00e9galement au Luxembourg \u00e0 l&rsquo;avenir.<\/p>\n<p>picture-alliance\/dpa (photo d&rsquo;illustration)<\/p>\n<p>En Italie, trois autres personnes sont mortes des suites d&rsquo;une infection par le virus du Nil occidental. Les hommes, \u00e2g\u00e9s de 71, 73 et 79\u00a0ans, avaient pass\u00e9 les derniers jours dans diff\u00e9rents h\u00f4pitaux pr\u00e8s de Rome et de Naples, ont indiqu\u00e9 les autorit\u00e9s. Depuis le d\u00e9but de l&rsquo;ann\u00e9e, on compte donc au moins neuf d\u00e9c\u00e8s li\u00e9s \u00e0 la fi\u00e8vre du Nil occidental en Italie, selon les chiffres officiels, la plupart dans la r\u00e9gion de la capitale italienne. De plus, on conna\u00eet actuellement plus de 80\u00a0infections graves. Le virus a \u00e9t\u00e9 d\u00e9tect\u00e9 pour la premi\u00e8re fois en Italie en 1998. L&rsquo;ann\u00e9e derni\u00e8re, selon l&rsquo;Institut national de la sant\u00e9, il y a eu 36\u00a0d\u00e9c\u00e8s.<\/p>\n<p>Propagation en Europe<\/p>\n<p>Selon l&rsquo;Administration v\u00e9t\u00e9rinaire et alimentaire luxembourgeoise (Alva), la maladie se propage principalement en Europe du Sud, de l&rsquo;Est et de l&rsquo;Ouest. Entre le 2\u00a0avril et le 25\u00a0novembre\u00a02024, 494\u00a0cas de virus du Nil occidental (VNO) chez des \u00e9quid\u00e9s et 447\u00a0cas chez des oiseaux ont \u00e9t\u00e9 signal\u00e9s en Europe. Dans la r\u00e9gion de Ludwigshafen, en Rh\u00e9nanie-Palatinat, des chevaux atteints de la fi\u00e8vre du Nil occidental ont \u00e9t\u00e9 signal\u00e9s \u00e0 l&rsquo;automne\u00a02024.\u00a0En\u00a02024, 1\u00a0436\u00a0infections humaines ont \u00e9t\u00e9 signal\u00e9es dans toute l&rsquo;Europe (du 1er\u00a0mars au 25\u00a0octobre).<\/p>\n<p>En Allemagne, plusieurs infections sont enregistr\u00e9es chaque ann\u00e9e depuis\u00a02019. On suppose g\u00e9n\u00e9ralement un nombre de cas non d\u00e9clar\u00e9s tr\u00e8s \u00e9lev\u00e9, car l&rsquo;infection est asymptomatique dans environ 80\u00a0% des cas.<\/p>\n<p><img loading=\"lazy\" decoding=\"async\" src=\"https:\/\/www.europesays.com\/fr\/wp-content\/uploads\/2025\/08\/4194836b-78a7-4bc2-b4c4-796d186d333f.png\" alt=\"R\u00e9partition des infections humaines par le VNO acquises localement (r\u00e9gions NUTS\u00a03 ou GAUL\u00a01) et des cas chez les chevaux et\/ou les oiseaux en Europe en\u00a02024, au 4\u00a0d\u00e9cembre\u00a02024.\" title=\"R\u00e9partition des infections humaines par le VNO acquises localement (r\u00e9gions NUTS\u00a03 ou GAUL\u00a01) et des cas chez les chevaux et\/ou les oiseaux en Europe en\u00a02024, au 4\u00a0d\u00e9cembre\u00a02024.\"  width=\"1132\" height=\"782\"\/><\/p>\n<p>R\u00e9partition des infections humaines par le VNO acquises localement (r\u00e9gions NUTS\u00a03 ou GAUL\u00a01) et des cas chez les chevaux et\/ou les oiseaux en Europe en\u00a02024, au 4\u00a0d\u00e9cembre\u00a02024.<\/p>\n<p>ECDC<\/p>\n<p>Le virus se rapproche du Luxembourg<\/p>\n<p>Le Luxembourg Institute of Health (LIH), en collaboration avec l&rsquo;Alva, a commenc\u00e9 \u00e0 surveiller le virus chez les oiseaux sauvages en\u00a02018. \u00c9tant donn\u00e9 que le virus du Nil occidental se propage \u00e9galement vers l&rsquo;ouest en Allemagne et se rapproche ainsi des fronti\u00e8res du Luxembourg, la surveillance a \u00e9t\u00e9 renforc\u00e9e dans le cadre du projet OneHealth4Surveillance cofinanc\u00e9 par l&rsquo;UE, qui \u00e9tudie \u00e9galement la propagation des tiques. Cette surveillance est effectu\u00e9e en collaboration avec le Centre de soins pour la faune sauvage de Dudelange.<\/p>\n<p>Une infection par le virus est \u00e0 d\u00e9claration obligatoire. La suspicion, ou au plus tard la confirmation de l&rsquo;infection, doit \u00eatre imm\u00e9diatement signal\u00e9e par le v\u00e9t\u00e9rinaire \u00e0 l&rsquo;Alva.<\/p>\n<p>Situation au Luxembourg<\/p>\n<p>En\u00a02024 et\u00a02025 (\u00e9tat fin mai), environ 180\u00a0oiseaux sauvages ont \u00e9t\u00e9 test\u00e9s, selon l&rsquo;Alva, et le r\u00e9sultat a toujours \u00e9t\u00e9 n\u00e9gatif. Le virus Usutu, qui appartient \u00e0 la m\u00eame famille de virus et qui est similaire au virus du Nil occidental en termes de vecteurs, d&rsquo;h\u00f4tes et de voies de transmission, est cependant d\u00e9j\u00e0 pr\u00e9sent au Luxembourg. \u00abLa propagation g\u00e9ographique progressive du virus Usutu est consid\u00e9r\u00e9e par certains experts comme un mod\u00e8le possible pour la propagation future du virus du Nil occidental en Europe\u00a0\u00bb, indique le LIH sur son site web. Cela est influenc\u00e9 par les mouvements des oiseaux migrateurs et le changement climatique, en particulier par les temp\u00e9ratures plus \u00e9lev\u00e9es et les modifications des r\u00e9gimes de pr\u00e9cipitations, qui modifient les cycles de vie des moustiques.<\/p>\n<p>Transmission par les piq\u00fbres de moustiques<\/p>\n<p>Le virus se transmet par les piq\u00fbres de moustiques. Les \u00e9volutions graves et mortelles touchent principalement les personnes \u00e2g\u00e9es ayant des ant\u00e9c\u00e9dents m\u00e9dicaux. Dans pr\u00e8s de 20% des cas, selon l&rsquo;Institut Robert Koch (RKI), des sympt\u00f4mes l\u00e9gers et non sp\u00e9cifiques tels que de la fi\u00e8vre ou des maux de t\u00eate apparaissent. Seul environ 1% des infections entra\u00eenent des maladies neuro-invasives graves.<\/p>\n<p>Il n&rsquo;existe pas de traitement sp\u00e9cifique contre l&rsquo;infection par le VNO. En cas de signes cliniques, le traitement est symptomatique. Selon l&rsquo;Alva, il existe des vaccins contre le virus du Nil occidental pour les chevaux.<\/p>\n<p>Le virus est originaire du continent africain<\/p>\n<p>Le virus du Nil occidental est originaire d&rsquo;Afrique et a probablement \u00e9t\u00e9 introduit par les oiseaux migrateurs. Selon le RKI, les moustiques infect\u00e9s par les oiseaux peuvent transmettre le virus aux humains et \u00e0 d&rsquo;autres mammif\u00e8res. Les experts estiment que le nombre de cas augmentera en raison du changement climatique.<\/p>\n<p><img loading=\"lazy\" decoding=\"async\" src=\"https:\/\/www.europesays.com\/fr\/wp-content\/uploads\/2025\/08\/6564517a-9c91-43e8-a770-82095defb330.png\" alt=\"Cycle d'infection du virus du Nil occidental.\" title=\"Cycle d'infection du virus du Nil occidental.\"  width=\"742\" height=\"813\"\/><\/p>\n<p>Cycle d&rsquo;infection du virus du Nil occidental.<\/p>\n<p>AlvaTu nous suis d\u00e9j\u00e0 sur WhatsApp?<\/p>\n<p>Abonne-toi \u00e0 notre cha\u00eene, active la petite \ud83d\udd14 et tu recevras un <strong>r\u00e9cap de l&rsquo;actu<\/strong> chaque jour en <strong>d\u00e9but de soir\u00e9e<\/strong>.<\/p>\n<p>(dpa, mei)<\/p>\n","protected":false},"excerpt":{"rendered":"Actualis\u00e94. ao\u00fbt 2025, 20:47 Neuf morts en Italie: Le Luxembourg surveille la fi\u00e8vre du Nil occidental En Italie,&hellip;\n","protected":false},"author":2,"featured_media":297022,"comment_status":"","ping_status":"","sticky":false,"template":"","format":"standard","meta":{"footnotes":""},"categories":[10],"tags":[1011,27,72,71],"class_list":{"0":"post-297021","1":"post","2":"type-post","3":"status-publish","4":"format-standard","5":"has-post-thumbnail","7":"category-sante","8":"tag-fr","9":"tag-france","10":"tag-health","11":"tag-sante"},"share_on_mastodon":{"url":"https:\/\/pubeurope.com\/@fr\/114973653432767797","error":""},"_links":{"self":[{"href":"https:\/\/www.europesays.com\/fr\/wp-json\/wp\/v2\/posts\/297021","targetHints":{"allow":["GET"]}}],"collection":[{"href":"https:\/\/www.europesays.com\/fr\/wp-json\/wp\/v2\/posts"}],"about":[{"href":"https:\/\/www.europesays.com\/fr\/wp-json\/wp\/v2\/types\/post"}],"author":[{"embeddable":true,"href":"https:\/\/www.europesays.com\/fr\/wp-json\/wp\/v2\/users\/2"}],"replies":[{"embeddable":true,"href":"https:\/\/www.europesays.com\/fr\/wp-json\/wp\/v2\/comments?post=297021"}],"version-history":[{"count":0,"href":"https:\/\/www.europesays.com\/fr\/wp-json\/wp\/v2\/posts\/297021\/revisions"}],"wp:featuredmedia":[{"embeddable":true,"href":"https:\/\/www.europesays.com\/fr\/wp-json\/wp\/v2\/media\/297022"}],"wp:attachment":[{"href":"https:\/\/www.europesays.com\/fr\/wp-json\/wp\/v2\/media?parent=297021"}],"wp:term":[{"taxonomy":"category","embeddable":true,"href":"https:\/\/www.europesays.com\/fr\/wp-json\/wp\/v2\/categories?post=297021"},{"taxonomy":"post_tag","embeddable":true,"href":"https:\/\/www.europesays.com\/fr\/wp-json\/wp\/v2\/tags?post=297021"}],"curies":[{"name":"wp","href":"https:\/\/api.w.org\/{rel}","templated":true}]}}