{"id":297023,"date":"2025-08-05T01:51:12","date_gmt":"2025-08-05T01:51:12","guid":{"rendered":"https:\/\/www.europesays.com\/fr\/297023\/"},"modified":"2025-08-05T01:51:12","modified_gmt":"2025-08-05T01:51:12","slug":"le-fc-porto-a-inscrit-luuk-de-jong-comme-joueur-de-handball-pour-garder-son-transfert-secret-portugal-fc-porto","status":"publish","type":"post","link":"https:\/\/www.europesays.com\/fr\/297023\/","title":{"rendered":"Le FC Porto a inscrit Luuk de Jong comme joueur de handball pour garder son transfert secret &#8211; Portugal &#8211; FC Porto"},"content":{"rendered":"<p>Luuk est rest\u00e9 du c\u00f4t\u00e9 obscur.<\/p>\n<p>La signature de <strong><a target=\"_blank\" href=\"https:\/\/www.sofoot.com\/breves\/mercato-age-de-34-ans-lattaquant-hollandais-luuk-de-jong-signe-a-porto-le-8e-club-de-sa-carriere\" rel=\"nofollow noopener\">Luuk de Jong avec le FC Porto ce dimanche<\/a><\/strong> a tout d\u2019une anomalie dans notre paysage footballistique. Non par son aspect sportif, puisque le club portugais semble \u00eatre une destination id\u00e9ale pour l\u2019avant-centre de 34 ans, mais bien par <strong>sa discr\u00e9tion<\/strong>.<\/p>\n<p>Incognito jusqu\u2019\u00e0 l\u2019a\u00e9roport<\/p>\n<p>L\u2019\u00e8re du num\u00e9rique nous a habitu\u00e9 \u00e0 \u00eatre au courant de tout ce qu\u2019il peut se passer lors d\u2019un mercato, des int\u00e9r\u00eats lointains des clubs aux \u00ab\u202fHere we go !\u202f\u00bb\u00a0de Fabrizio Romano. Pourtant, la signature de Luuk de Jong est pass\u00e9 entre les mailles du filet, sans que personne ne l\u2019ait vu venir. Et ce n\u2019est pas une erreur d\u2019inattention de la part des journalistes sp\u00e9cialis\u00e9s : <strong>le FC Porto a mis en place une belle manigance <\/strong>afin de garder secr\u00e8te l\u2019arriv\u00e9e de son nouveau num\u00e9ro 26, explique <a target=\"_blank\" href=\"https:\/\/www.ojogo.pt\/1036821800\/escondido-a-vista-de-todos-como-o-fc-porto-guardou-o-segredo-luuk-de-jong\/\" rel=\"nofollow noopener\">O Jogo<\/a>.<\/p>\n<p>Arriv\u00e9 libre de tout contrat apr\u00e8s son d\u00e9part du PSV, Luuk de Jong, son agent et les dirigeants du FC Porto \u00e9taient <strong>les seuls au courant de son arriv\u00e9e<\/strong>, et ce, jusqu\u2019\u00e0 quelques heures de sa pr\u00e9sentation officielle. Un cercle ferm\u00e9 pour emp\u00eacher au maximum quelconque fuite. Afin d\u2019\u00e9viter que le joueur soit aper\u00e7u \u00e0 l\u2019a\u00e9roport, c\u2019est son agent qui s\u2019est charg\u00e9 de r\u00e9cup\u00e9rer les affaires du joueur. Pour couronner le tout, le club portuan a inscrit le N\u00e9erlandais en tant que <strong>renfort de l\u2019\u00e9quipe de handball lors de sa visite m\u00e9dicale<\/strong>. Un v\u00e9ritable complot, comme on n\u2019en fait plus.<\/p>\n<p>Le seul moyen pour perdre contre une \u00e9quipe de Nantes.<\/p>\n<p>\t\t\t\t\t\t\t\t\t\t<a class=\"lien-connexe\" href=\"https:\/\/www.sofoot.com\/breves\/mercato-age-de-34-ans-lattaquant-hollandais-luuk-de-jong-signe-a-porto-le-8e-club-de-sa-carriere\" rel=\"nofollow noopener\" target=\"_blank\">Luuk De Jong s&rsquo;engage dans son 8e club<\/a>\t\t\t\t\t<\/p>\n","protected":false},"excerpt":{"rendered":"Luuk est rest\u00e9 du c\u00f4t\u00e9 obscur. La signature de Luuk de Jong avec le FC Porto ce dimanche&hellip;\n","protected":false},"author":2,"featured_media":297024,"comment_status":"","ping_status":"","sticky":false,"template":"","format":"standard","meta":{"footnotes":""},"categories":[9],"tags":[47,61,69,65,64,63,1011,27,68,66,62,70,67,60],"class_list":{"0":"post-297023","1":"post","2":"type-post","3":"status-publish","4":"format-standard","5":"has-post-thumbnail","7":"category-sports","8":"tag-actualite","9":"tag-actus-football","10":"tag-bundesliga","11":"tag-championnats-europeens","12":"tag-equipe-de-france","13":"tag-football","14":"tag-fr","15":"tag-france","16":"tag-ligua","17":"tag-ligue-1","18":"tag-news-foot","19":"tag-premier-league","20":"tag-serie-a","21":"tag-sports"},"share_on_mastodon":{"url":"https:\/\/pubeurope.com\/@fr\/114973657530746004","error":""},"_links":{"self":[{"href":"https:\/\/www.europesays.com\/fr\/wp-json\/wp\/v2\/posts\/297023","targetHints":{"allow":["GET"]}}],"collection":[{"href":"https:\/\/www.europesays.com\/fr\/wp-json\/wp\/v2\/posts"}],"about":[{"href":"https:\/\/www.europesays.com\/fr\/wp-json\/wp\/v2\/types\/post"}],"author":[{"embeddable":true,"href":"https:\/\/www.europesays.com\/fr\/wp-json\/wp\/v2\/users\/2"}],"replies":[{"embeddable":true,"href":"https:\/\/www.europesays.com\/fr\/wp-json\/wp\/v2\/comments?post=297023"}],"version-history":[{"count":0,"href":"https:\/\/www.europesays.com\/fr\/wp-json\/wp\/v2\/posts\/297023\/revisions"}],"wp:featuredmedia":[{"embeddable":true,"href":"https:\/\/www.europesays.com\/fr\/wp-json\/wp\/v2\/media\/297024"}],"wp:attachment":[{"href":"https:\/\/www.europesays.com\/fr\/wp-json\/wp\/v2\/media?parent=297023"}],"wp:term":[{"taxonomy":"category","embeddable":true,"href":"https:\/\/www.europesays.com\/fr\/wp-json\/wp\/v2\/categories?post=297023"},{"taxonomy":"post_tag","embeddable":true,"href":"https:\/\/www.europesays.com\/fr\/wp-json\/wp\/v2\/tags?post=297023"}],"curies":[{"name":"wp","href":"https:\/\/api.w.org\/{rel}","templated":true}]}}