{"id":297039,"date":"2025-08-05T02:00:51","date_gmt":"2025-08-05T02:00:51","guid":{"rendered":"https:\/\/www.europesays.com\/fr\/297039\/"},"modified":"2025-08-05T02:00:51","modified_gmt":"2025-08-05T02:00:51","slug":"entre-art-nouveau-et-art-deco-visite-theatralisee-du-parc-de-saurupt","status":"publish","type":"post","link":"https:\/\/www.europesays.com\/fr\/297039\/","title":{"rendered":"Entre art nouveau et art d\u00e9co Visite th\u00e9\u00e2tralis\u00e9e du parc de Saurupt"},"content":{"rendered":"<p>Suivez l\u2019artiste Victor Prouv\u00e9 dans ses \u00e9changes anim\u00e9s avec un lotisseur bien d\u00e9cid\u00e9 \u00e0 s\u00e9duire la bourgeoisie nanc\u00e9ienne. Entre nostalgie de l\u2019Art nouveau et promotion de l\u2019Art d\u00e9co, le public se laissera entra\u00eener par ce d\u00e9bat lors d\u2019une balade th\u00e9\u00e2tralis\u00e9e au c\u0153ur du quartier Saurupt. Chaque jeudi jusqu\u2019au 28\u00a0ao\u00fbt.<\/p>\n<p class=\"note\">Jeudi 7\u00a0ao\u00fbt, \u00e0 19\u00a0h, au parc de Saurupt, \u00e0 Nancy. Gratuit sur r\u00e9servation au 03\u00a083\u00a035\u00a080\u00a010.<\/p>\n","protected":false},"excerpt":{"rendered":"Suivez l\u2019artiste Victor Prouv\u00e9 dans ses \u00e9changes anim\u00e9s avec un lotisseur bien d\u00e9cid\u00e9 \u00e0 s\u00e9duire la bourgeoisie nanc\u00e9ienne.&hellip;\n","protected":false},"author":2,"featured_media":297040,"comment_status":"","ping_status":"","sticky":false,"template":"","format":"standard","meta":{"footnotes":""},"categories":[9635],"tags":[1111,11,7782,1687,1704,1777,674,1011,27,775,1702,1703,12,25],"class_list":{"0":"post-297039","1":"post","2":"type-post","3":"status-publish","4":"format-standard","5":"has-post-thumbnail","7":"category-nancy","8":"tag-actu","9":"tag-actualites","10":"tag-balades-et-randonnees","11":"tag-culture-loisirs","12":"tag-edition-nancy-et-agglomeration","13":"tag-eu","14":"tag-europe","15":"tag-fr","16":"tag-france","17":"tag-grand-est","18":"tag-nancy","19":"tag-nancy-ville-54b","20":"tag-news","21":"tag-republique-francaise"},"share_on_mastodon":{"url":"https:\/\/pubeurope.com\/@fr\/114973696475361216","error":""},"_links":{"self":[{"href":"https:\/\/www.europesays.com\/fr\/wp-json\/wp\/v2\/posts\/297039","targetHints":{"allow":["GET"]}}],"collection":[{"href":"https:\/\/www.europesays.com\/fr\/wp-json\/wp\/v2\/posts"}],"about":[{"href":"https:\/\/www.europesays.com\/fr\/wp-json\/wp\/v2\/types\/post"}],"author":[{"embeddable":true,"href":"https:\/\/www.europesays.com\/fr\/wp-json\/wp\/v2\/users\/2"}],"replies":[{"embeddable":true,"href":"https:\/\/www.europesays.com\/fr\/wp-json\/wp\/v2\/comments?post=297039"}],"version-history":[{"count":0,"href":"https:\/\/www.europesays.com\/fr\/wp-json\/wp\/v2\/posts\/297039\/revisions"}],"wp:featuredmedia":[{"embeddable":true,"href":"https:\/\/www.europesays.com\/fr\/wp-json\/wp\/v2\/media\/297040"}],"wp:attachment":[{"href":"https:\/\/www.europesays.com\/fr\/wp-json\/wp\/v2\/media?parent=297039"}],"wp:term":[{"taxonomy":"category","embeddable":true,"href":"https:\/\/www.europesays.com\/fr\/wp-json\/wp\/v2\/categories?post=297039"},{"taxonomy":"post_tag","embeddable":true,"href":"https:\/\/www.europesays.com\/fr\/wp-json\/wp\/v2\/tags?post=297039"}],"curies":[{"name":"wp","href":"https:\/\/api.w.org\/{rel}","templated":true}]}}