{"id":297045,"date":"2025-08-05T02:12:34","date_gmt":"2025-08-05T02:12:34","guid":{"rendered":"https:\/\/www.europesays.com\/fr\/297045\/"},"modified":"2025-08-05T02:12:34","modified_gmt":"2025-08-05T02:12:34","slug":"foire-medievale-de-sassenage-radio-scoop","status":"publish","type":"post","link":"https:\/\/www.europesays.com\/fr\/297045\/","title":{"rendered":"Foire m\u00e9di\u00e9vale de Sassenage &#8211; Radio SCOOP"},"content":{"rendered":"<p>Rendez-vous samedi 23 et dimanche 24 ao\u00fbt 2025, \u00e0 la Halle des sports Jeannie Longo \u00e0 Sassenage.<\/p>\n<p>\u00c0 deux pas de <b>Grenoble<\/b>, la <b>Foire M\u00e9di\u00e9vale de Sassenage<\/b> vous plonge au c\u0153ur du <b>Moyen \u00c2ge<\/b> avec son march\u00e9 artisanal, ses animations historiques et ses jeux pour petits et grands. Une ambiance festive et familiale \u00e0 ne pas manquer !<\/p>\n<p>Venez passer une journ\u00e9e hors du temps ! Plongez au c\u0153ur du Moyen \u00c2ge \u00e0 l&rsquo;occasion de cet \u00e9v\u00e9nement festif et familial aux portes de Grenoble ! Costumes d&rsquo;\u00e9poque, ambiance musicale, et spectacles de rue vous feront voyager plusieurs si\u00e8cles en arri\u00e8re le temps d&rsquo;une journ\u00e9e.<\/p>\n<p><b>Au programme :<\/b><br \/>&#8211; Animations m\u00e9di\u00e9vales : d\u00e9monstrations de combats, d\u00e9ambulations de troubadours, sayn\u00e8tes de vie quotidienne\u2026<br \/>&#8211; Ateliers et jeux pour enfants : tir \u00e0 l&rsquo;arc, mini-parcours de chevaliers, contes\u2026<br \/>&#8211; Banquet m\u00e9di\u00e9val : un grand repas convivial \u00e0 d\u00e9guster dans une ambiance d&rsquo;antan le samedi soir avec spectacles de feu et concert (sur r\u00e9servation)<br \/>&#8211; March\u00e9 de 40 cr\u00e9ateurs et artisans : produits locaux, objets m\u00e9di\u00e9vaux, bijoux, cuir, poterie\u2026<br \/>&#8211; Espace gourmand et buvette sur place : mets savoureux, et boissons artisanales<br \/>&#8211; Vide-grenier le dimanche en compl\u00e9ment<\/p>\n<p>Une journ\u00e9e riche en d\u00e9couvertes, parfaite pour les petits comme pour les grands ! Venez costum\u00e9s pour une immersion totale !<\/p>\n<p>Rendez-vous samedi 23 et dimanche 24 ao\u00fbt 2025, <br \/>\u00e0 la Halle des sports Jeannie Longo \u00e0 Sassenage<\/p>\n<p>Infos pratiques :<br \/>&#8211; Horaires : 10h-22h le 23\/08 et 10h-17h le 24\/08<br \/>&#8211; Tarifs : gratuit<\/p>\n<p>Plus d&rsquo;infos sur la page Facebook <a class=\"url\" href=\"https:\/\/www.facebook.com\/profile.php?id=61557355977649\" target=\"_blank\" rel=\"nofollow noopener\">Foire M\u00e9di\u00e9vale de Sassenage<\/a>.<\/p>\n<p>Max Radio est partenaire de l&rsquo;\u00e9v\u00e8nement <\/p>\n<tr>\n<td class=\"defaut\"><a href=\"https:\/\/www.radioscoop.com\/agenda\/javascript:void(0)\" onclick=\"parent.RS.diaporama.addMedia(702070) ;\" rel=\"nofollow noopener\" target=\"_blank\"><img loading=\"lazy\" decoding=\"async\" src=\"https:\/\/www.europesays.com\/fr\/wp-content\/uploads\/2025\/08\/1754359954_441_img\" width=\"453\" height=\"640\" border=\"0\" title=\"Foire m\u00e9di\u00e9vale de Sassenage\"\/><\/a><\/td>\n<\/tr>\n<p><\/p>\n","protected":false},"excerpt":{"rendered":"Rendez-vous samedi 23 et dimanche 24 ao\u00fbt 2025, \u00e0 la Halle des sports Jeannie Longo \u00e0 Sassenage. \u00c0&hellip;\n","protected":false},"author":2,"featured_media":297046,"comment_status":"","ping_status":"","sticky":false,"template":"","format":"standard","meta":{"footnotes":"","_share_on_mastodon":"0"},"categories":[9566],"tags":[1111,11,1063,10036,2430,24842,27409,1777,674,652,43752,1011,27,2731,330,18005,12759,873,12,25,3140,12308],"class_list":["post-297045","post","type-post","status-publish","format-standard","has-post-thumbnail","category-grenoble","tag-actu","tag-actualites","tag-animations","tag-ateliers","tag-auvergne-rhone-alpes","tag-banquet","tag-costumes","tag-eu","tag-europe","tag-famille","tag-foire-mdivale-de-sassenage","tag-fr","tag-france","tag-grenoble","tag-jeux","tag-march","tag-moyen-age","tag-musique","tag-news","tag-republique-francaise","tag-spectacle","tag-vide-grenier"],"share_on_mastodon":{"url":"https:\/\/pubeurope.com\/@fr\/114973739845578218","error":""},"_links":{"self":[{"href":"https:\/\/www.europesays.com\/fr\/wp-json\/wp\/v2\/posts\/297045","targetHints":{"allow":["GET"]}}],"collection":[{"href":"https:\/\/www.europesays.com\/fr\/wp-json\/wp\/v2\/posts"}],"about":[{"href":"https:\/\/www.europesays.com\/fr\/wp-json\/wp\/v2\/types\/post"}],"author":[{"embeddable":true,"href":"https:\/\/www.europesays.com\/fr\/wp-json\/wp\/v2\/users\/2"}],"replies":[{"embeddable":true,"href":"https:\/\/www.europesays.com\/fr\/wp-json\/wp\/v2\/comments?post=297045"}],"version-history":[{"count":0,"href":"https:\/\/www.europesays.com\/fr\/wp-json\/wp\/v2\/posts\/297045\/revisions"}],"wp:featuredmedia":[{"embeddable":true,"href":"https:\/\/www.europesays.com\/fr\/wp-json\/wp\/v2\/media\/297046"}],"wp:attachment":[{"href":"https:\/\/www.europesays.com\/fr\/wp-json\/wp\/v2\/media?parent=297045"}],"wp:term":[{"taxonomy":"category","embeddable":true,"href":"https:\/\/www.europesays.com\/fr\/wp-json\/wp\/v2\/categories?post=297045"},{"taxonomy":"post_tag","embeddable":true,"href":"https:\/\/www.europesays.com\/fr\/wp-json\/wp\/v2\/tags?post=297045"}],"curies":[{"name":"wp","href":"https:\/\/api.w.org\/{rel}","templated":true}]}}