{"id":297047,"date":"2025-08-05T02:13:13","date_gmt":"2025-08-05T02:13:13","guid":{"rendered":"https:\/\/www.europesays.com\/fr\/297047\/"},"modified":"2025-08-05T02:13:13","modified_gmt":"2025-08-05T02:13:13","slug":"quand-mathurin-meheut-developpait-le-paleoart-a-rennes","status":"publish","type":"post","link":"https:\/\/www.europesays.com\/fr\/297047\/","title":{"rendered":"Quand Mathurin M\u00e9heut d\u00e9veloppait le pal\u00e9oart \u00e0 Rennes\u2009!"},"content":{"rendered":"<p style=\"font-weight: 400; text-align: justify;\">\u00ab\u2009R\u00e9veiller les animaux disparus\u2009\u00bb, tel est le th\u00e8me de l\u2019exposition temporaire organis\u00e9e par l\u2019universit\u00e9 de Rennes, le laboratoire G\u00e9osciences et le mus\u00e9e Mathurin M\u00e9heut, dans le haras de Lamballe. \u00c0 travers cet \u00e9v\u00e8nement, on d\u00e9couvre le d\u00e9cor de l\u2019Institut de g\u00e9ologie de la facult\u00e9 des Sciences de Rennes, peint par Mathurin M\u00e9heut et sa complice, Yvonne Jean Haffen.<\/p>\n<p><img fetchpriority=\"high\" decoding=\"async\" class=\"alignnone size-medium wp-image-103797\" src=\"https:\/\/www.europesays.com\/fr\/wp-content\/uploads\/2025\/08\/une-4-600x424.jpg\" alt=\"\" width=\"600\" height=\"424\" data-wp-pid=\"103797\"  \/><\/p>\n<p style=\"font-weight: 400; text-align: justify;\">Ce cycle d\u00e9coratif, r\u00e9alis\u00e9 entre 1942 et 1947, et class\u00e9 au titre des monuments historiques, est aujourd\u2019hui consid\u00e9r\u00e9 comme un tr\u00e9sor. Compos\u00e9 de 25\u00a0toiles de grands formats pour un total de 132\u00a0M2, il prend place dans une histoire m\u00ealant science et art. Il fut command\u00e9 par Yves Milon, doyen de l\u2019universit\u00e9, r\u00e9sistant et futur maire de Rennes, \u00e0 l\u2019\u00e9poque o\u00f9 les \u00e9lus \u00e9taient des grands hommes \u00e9rudits et cultiv\u00e9s.<\/p>\n<p style=\"font-weight: 400; text-align: justify;\"><strong>Ce travail a acc\u00e9l\u00e9r\u00e9 la dinomania\u2009!<\/strong><\/p>\n<p style=\"font-weight: 400; text-align: justify;\">Vou\u00e9 \u00e0 \u00eatre \u00e0 la fois p\u00e9dagogique et esth\u00e9tique, cet ensemble se d\u00e9cline en plusieurs th\u00e8mes\u00a0: faune et la flore disparues, les paysages g\u00e9ologiques et l\u2019artisanat. Mais le mus\u00e9e a choisi de d\u00e9voiler plus les toiles des animaux disparues\u00a0: diplodocus, pt\u00e9rodactyles, ichtyosaures et mammouth. \u00ab\u2009Ce ouvrage conjoint entre artistes et scientifiques a fait na\u00eetre une nouvelle discipline, le pal\u00e9oart, que le mus\u00e9e a tenu \u00e0\u00a0 mettre en \u00e9vidence\u2009\u00bb, explique le conservateur. \u00ab\u2009Sans en avoir l\u2019intention, Mathurin M\u00e9heut et Yves Milon inscrivent leur d\u00e9cor dans l\u2019histoire de la pal\u00e9ontologie et du pal\u00e9oart, notamment par le choix des esp\u00e8ces.\u2009\u00bb<\/p>\n<p><img loading=\"lazy\" decoding=\"async\" class=\"alignnone size-medium wp-image-103796\" src=\"https:\/\/www.europesays.com\/fr\/wp-content\/uploads\/2025\/08\/une1-1-600x384.jpg\" alt=\"\" width=\"600\" height=\"384\" data-wp-pid=\"103796\"  \/><\/p>\n<p style=\"font-weight: 400; text-align: justify;\">Dans son \u0153uvre, Mathurin M\u00e9heut a toujours recherch\u00e9 l\u2019exactitude. \u00ab\u2009Il est un besogneux, il pr\u00e9parait ses projets de fa\u00e7on appliqu\u00e9e, n\u2019h\u00e9sitant pas \u00e0 multiplier les sources et \u00e0 aller sur le terrain. Pour les paysages, avec Yvonne Jean-Haffen, ils vont se rendre, malgr\u00e9 la Seconde Guerre mondiale, sur les c\u00f4tes et dans les terres bretonnes.\u2009\u00bb M\u00eame souci d\u2019exactitude avec les animaux pr\u00e9historiques. \u00ab\u2009M\u00e9heut travaille au Museum d\u2019histoire naturelle de Paris ainsi qu\u2019au Zoo de Vincennes. Il questionne de nombreuses fois Yves Milon qui lui fait parvenir des documents scientifiques, notamment, un Livre de 1925 d\u2019Othenio Abel richement illustr\u00e9 de reconstitutions d\u2019artistes divers.\u2009\u00bb<\/p>\n<p style=\"font-weight: 400; text-align: justify;\">Mathurin M\u00e9heut s\u2019inspire de pal\u00e9oartistes c\u00e9l\u00e8bres tels que Charles R. Knight et \u00c9douard Riou. Toutefois, il cr\u00e9e aussi une vision unique, marqu\u00e9e par son propre style. Pour r\u00e9aliser ses animaux disparus, Mathurin M\u00e9heut croise son exp\u00e9rience en tant qu\u2019illustrateur d\u2019ouvrages animaliers avec les informations fournies par Vves Milon. \u00ab\u2009Les pt\u00e9rodactyles sont assez fid\u00e8les, malgr\u00e9 leurs ailes repr\u00e9sent\u00e9es \u00e0 tort comme celles des chauves-souris. Les ichtyosaures, bien qu\u2019ayant des d\u00e9fauts anatomiques aux nageoires et \u00e0 la queue, restent globalement corrects. En revanche, le cannibalisme rel\u00e8ve d\u2019une libert\u00e9 artistique.\u2009\u00bb<\/p>\n<blockquote>\n<p style=\"font-weight: 400; text-align: justify;\">Bien souvent, Mathurin M\u00e9heut prend des libert\u00e9s. \u00ab\u2009Il peint les pt\u00e9rodactyles au repos, alors qu\u2019ils sont traditionnellement montr\u00e9s planant dans le ciel.<\/p>\n<\/blockquote>\n<p style=\"font-weight: 400; text-align: justify;\">Son \u0153uvre s\u2019inscrit dans une tradition de figuration des animaux pr\u00e9historiques, associ\u00e9e \u00e0 des sc\u00e8nes de violence pour accentuer leur caract\u00e8re mena\u00e7ant et spectaculaire. Repr\u00e9sent\u00e9s par Mathurin M\u00e9heut, les dinosaures venus d\u2019Am\u00e9rique disposent de dimensions impressionnantes. \u00ab\u00a0C\u2019est la pi\u00e8ce ma\u00eetresse et la seule repr\u00e9sentation de dinosaures du d\u00e9cor. Ces g\u00e9ants herbivores sont choisis par Yves Milon, car ils sont un grand classique de la pal\u00e9ontologie. Pourtant, les deux seuls sp\u00e9cimens de diplodocus complets et consid\u00e9r\u00e9s comme valides ont \u00e9t\u00e9 retrouv\u00e9s en Am\u00e9rique du Nord.\u201d<\/p>\n<p style=\"font-weight: 400; text-align: justify;\">Dans cette expo, on se pla\u00eet \u00e0 r\u00eaver d\u2019un Mathurin M\u00e9heut un brin m\u00e9ditatif dans les rues de Paris avec sa palette de couleurs. \u00ab Demain je vais au Mus\u00e9um, refaire quelques croquis de squelette du Diplodocus pour l\u2019avoir bien en main (fa\u00e7on de causer) avant de commencer cette grande tartine. \u00bb Pour plus de renseignements.\u00a0<\/p>\n","protected":false},"excerpt":{"rendered":"\u00ab\u2009R\u00e9veiller les animaux disparus\u2009\u00bb, tel est le th\u00e8me de l\u2019exposition temporaire organis\u00e9e par l\u2019universit\u00e9 de Rennes, le laboratoire&hellip;\n","protected":false},"author":2,"featured_media":297048,"comment_status":"","ping_status":"","sticky":false,"template":"","format":"standard","meta":{"footnotes":""},"categories":[2821],"tags":[1111,11,829,1777,674,1011,27,12,584,25],"class_list":{"0":"post-297047","1":"post","2":"type-post","3":"status-publish","4":"format-standard","5":"has-post-thumbnail","7":"category-rennes","8":"tag-actu","9":"tag-actualites","10":"tag-bretagne","11":"tag-eu","12":"tag-europe","13":"tag-fr","14":"tag-france","15":"tag-news","16":"tag-rennes","17":"tag-republique-francaise"},"share_on_mastodon":{"url":"https:\/\/pubeurope.com\/@fr\/114973743798634016","error":""},"_links":{"self":[{"href":"https:\/\/www.europesays.com\/fr\/wp-json\/wp\/v2\/posts\/297047","targetHints":{"allow":["GET"]}}],"collection":[{"href":"https:\/\/www.europesays.com\/fr\/wp-json\/wp\/v2\/posts"}],"about":[{"href":"https:\/\/www.europesays.com\/fr\/wp-json\/wp\/v2\/types\/post"}],"author":[{"embeddable":true,"href":"https:\/\/www.europesays.com\/fr\/wp-json\/wp\/v2\/users\/2"}],"replies":[{"embeddable":true,"href":"https:\/\/www.europesays.com\/fr\/wp-json\/wp\/v2\/comments?post=297047"}],"version-history":[{"count":0,"href":"https:\/\/www.europesays.com\/fr\/wp-json\/wp\/v2\/posts\/297047\/revisions"}],"wp:featuredmedia":[{"embeddable":true,"href":"https:\/\/www.europesays.com\/fr\/wp-json\/wp\/v2\/media\/297048"}],"wp:attachment":[{"href":"https:\/\/www.europesays.com\/fr\/wp-json\/wp\/v2\/media?parent=297047"}],"wp:term":[{"taxonomy":"category","embeddable":true,"href":"https:\/\/www.europesays.com\/fr\/wp-json\/wp\/v2\/categories?post=297047"},{"taxonomy":"post_tag","embeddable":true,"href":"https:\/\/www.europesays.com\/fr\/wp-json\/wp\/v2\/tags?post=297047"}],"curies":[{"name":"wp","href":"https:\/\/api.w.org\/{rel}","templated":true}]}}