{"id":297056,"date":"2025-08-05T02:19:17","date_gmt":"2025-08-05T02:19:17","guid":{"rendered":"https:\/\/www.europesays.com\/fr\/297056\/"},"modified":"2025-08-05T02:19:17","modified_gmt":"2025-08-05T02:19:17","slug":"promouvoir-la-lecture-publique-lobjectif-de-trois-communes-en-loire-atlantique","status":"publish","type":"post","link":"https:\/\/www.europesays.com\/fr\/297056\/","title":{"rendered":"Promouvoir la lecture publique, l\u2019objectif de trois communes en Loire-Atlantique"},"content":{"rendered":"<p> Mercredi 30\u00a0juillet, Martine Oger, Anthony Descloziers et Emmanuel Terrien, respectivement maires de Thouar\u00e9-sur-Loire, Sainte-Luce-sur-Loire et Mauves-sur-Loire (Loire-Atlantique) se sont r\u00e9unis \u00e0 la m\u00e9diath\u00e8que de Thouar\u00e9, pour la signature d\u2019une charte de partenariat. Celle-ci est n\u00e9e de la volont\u00e9 de cr\u00e9er un projet culturel commun. Apr\u00e8s s\u2019\u00eatre r\u00e9unies en 2021, autour de l\u2019\u00e9v\u00e9nement Le grand pique-nique, les trois communes ont d\u00e9cid\u00e9 de poursuivre ce partenariat, tout au long du mandat, avec comme objectif, de promouvoir la lecture publique.<\/p>\n<p><strong>La lecture publique, c\u2019est quoi\u00a0?<\/strong> <\/p>\n<p> C\u2019est l\u2019ensemble des dispositifs, infrastructures et services, mis en place pour garantir l\u2019acc\u00e8s aux ressources documentaires et culturelles, pour tous les citoyens. Derri\u00e8re ce terme, lecture publique, on retrouve l\u2019ensemble des services\u00a0et des missions que proposent les m\u00e9diath\u00e8ques\u00a0: jouer un r\u00f4le fondamental dans la d\u00e9mocratisation de la culture et du savoir, tout en attirant les populations les plus \u00e9loign\u00e9es de la culture, et mutualiser les moyens humains et financiers, afin de r\u00e9duire les co\u00fbts des \u00e9v\u00e9nements organis\u00e9s.<\/p>\n<p><strong>Les \u00e9v\u00e9nements communs sur le territoire<\/strong> <\/p>\n<p> Concr\u00e8tement, ce partenariat se traduit par l\u2019organisation d\u2019\u00e9v\u00e9nements communs qui sont de l\u2019ordre de trois\u00a0: le rendez-vous d\u00e9cal\u00e9, \u00e0 Thouar\u00e9-sur-Loire, le festival mots et images, \u00e0 Sainte-Luce-sur-Loire et le prix polar, \u00e0 Mauves-sur-Loire. Chaque commune pilote son \u00e9v\u00e9nement, les deux autres collaborent en proposant, sur leur territoire, des animations et interventions, en lien avec la programmation initiale. Un partenariat qui permet la diffusion et la valorisation de l\u2019\u00e9v\u00e9nement sur un large p\u00e9rim\u00e8tre.<\/p>\n<p>\u00a0<\/p>\n","protected":false},"excerpt":{"rendered":"Mercredi 30\u00a0juillet, Martine Oger, Anthony Descloziers et Emmanuel Terrien, respectivement maires de Thouar\u00e9-sur-Loire, Sainte-Luce-sur-Loire et Mauves-sur-Loire (Loire-Atlantique) se&hellip;\n","protected":false},"author":2,"featured_media":297057,"comment_status":"","ping_status":"","sticky":false,"template":"","format":"standard","meta":{"footnotes":""},"categories":[2818],"tags":[1111,11,1674,1777,674,1011,27,2046,3047,766,12,22569,2636,43753,12299,25],"class_list":{"0":"post-297056","1":"post","2":"type-post","3":"status-publish","4":"format-standard","5":"has-post-thumbnail","7":"category-nantes","8":"tag-actu","9":"tag-actualites","10":"tag-communes","11":"tag-eu","12":"tag-europe","13":"tag-fr","14":"tag-france","15":"tag-lecture","16":"tag-loire-atlantique","17":"tag-nantes","18":"tag-news","19":"tag-objectif","20":"tag-pays-de-la-loire","21":"tag-promouvoir","22":"tag-publique","23":"tag-republique-francaise"},"share_on_mastodon":{"url":"https:\/\/pubeurope.com\/@fr\/114973767381769287","error":""},"_links":{"self":[{"href":"https:\/\/www.europesays.com\/fr\/wp-json\/wp\/v2\/posts\/297056","targetHints":{"allow":["GET"]}}],"collection":[{"href":"https:\/\/www.europesays.com\/fr\/wp-json\/wp\/v2\/posts"}],"about":[{"href":"https:\/\/www.europesays.com\/fr\/wp-json\/wp\/v2\/types\/post"}],"author":[{"embeddable":true,"href":"https:\/\/www.europesays.com\/fr\/wp-json\/wp\/v2\/users\/2"}],"replies":[{"embeddable":true,"href":"https:\/\/www.europesays.com\/fr\/wp-json\/wp\/v2\/comments?post=297056"}],"version-history":[{"count":0,"href":"https:\/\/www.europesays.com\/fr\/wp-json\/wp\/v2\/posts\/297056\/revisions"}],"wp:featuredmedia":[{"embeddable":true,"href":"https:\/\/www.europesays.com\/fr\/wp-json\/wp\/v2\/media\/297057"}],"wp:attachment":[{"href":"https:\/\/www.europesays.com\/fr\/wp-json\/wp\/v2\/media?parent=297056"}],"wp:term":[{"taxonomy":"category","embeddable":true,"href":"https:\/\/www.europesays.com\/fr\/wp-json\/wp\/v2\/categories?post=297056"},{"taxonomy":"post_tag","embeddable":true,"href":"https:\/\/www.europesays.com\/fr\/wp-json\/wp\/v2\/tags?post=297056"}],"curies":[{"name":"wp","href":"https:\/\/api.w.org\/{rel}","templated":true}]}}