{"id":297064,"date":"2025-08-05T02:24:11","date_gmt":"2025-08-05T02:24:11","guid":{"rendered":"https:\/\/www.europesays.com\/fr\/297064\/"},"modified":"2025-08-05T02:24:11","modified_gmt":"2025-08-05T02:24:11","slug":"pres-de-toulouse-a-la-caisse-dun-magasin-ikea-la-cliente-oublie-de-scanner-87-articles","status":"publish","type":"post","link":"https:\/\/www.europesays.com\/fr\/297064\/","title":{"rendered":"Pr\u00e8s de Toulouse. A la caisse d&rsquo;un magasin Ikea, la cliente \u00ab\u00a0oublie\u00a0\u00bb de scanner 87 articles"},"content":{"rendered":"<p>            Par<br \/>\n        <strong><br \/>\n            <a href=\"https:\/\/actu.fr\/auteur\/marie-lamarque\" title=\"Consulter tous les articles de Marie Lamarque\" rel=\"nofollow noopener\" target=\"_blank\">Marie Lamarque<\/a><br \/>\n        <\/strong><\/p>\n<p>        Publi\u00e9 le<\/p>\n<p>            4 ao\u00fbt 2025 \u00e0 17h52        <\/p>\n<p>Un gros \u00ab\u00a0oubli\u00a0\u00bb qui aurait pu co\u00fbter tr\u00e8s cher \u00e0 cette cliente. Ce samedi 2 ao\u00fbt 2025, aux alentours de 20h, une femme \u00e2g\u00e9e d\u2019une quarantaine d\u2019ann\u00e9es, est contr\u00f4l\u00e9e au sein du magasin Ikea de Roques-sur-Garonne, au sud de <a href=\"https:\/\/actu.fr\/toulouse\/\" rel=\"nofollow noopener\" target=\"_blank\">Toulouse<\/a>. Elle avait <strong>omis de scanner pas moins de 87 articles<\/strong> !<\/p>\n<p>    <a href=\"https:\/\/www.google.com\/maps\/embed?pb=!1m18!1m12!1m3!1d2893.2989279107333!2d1.3741501772206368!3d43.5169587711088!2m3!1f0!2f0!3f0!3m2!1i1024!2i768!4f13.1!3m3!1m2!1s0x12aeb82a0865193d%3A0x935d2d946f56d35f!2sIKEA%20Toulouse-Roques!5e0!3m2!1sfr!2sfr!4v1754311435242!5m2!1sfr!2sfr\" title=\"Ouvrie le lien\" rel=\"nofollow noopener\" target=\"_blank\">Cliquez ici pour visualiser le contenu<\/a><\/p>\n<p>Pr\u00e8s de 2300 euros de pr\u00e9judice<\/p>\n<p class=\" wall-content\">Elle pensait certainement passer entre les mailles du filet, avec ses deux chariots remplis de produits. Mais apr\u00e8s avoir signal\u00e9 quelques articles seulement lors de son passage aux caisses en libre-service, le service s\u00e9curit\u00e9 du magasin a pr\u00e9venu la gendarmerie.<\/p>\n<p class=\" wall-content\">Le montant du pr\u00e9judice pour la c\u00e9l\u00e8bre enseigne su\u00e9doise s\u2019\u00e9l\u00e8ve \u00e0 <strong>2 236 euros<\/strong>. La cliente, peu scrupuleuse, est <strong>plac\u00e9e en garde \u00e0 vue<\/strong>.<\/p>\n<p class=\" wall-content\">\u00ab\u00a0La proc\u00e9dure a \u00e9t\u00e9 class\u00e9e sans suite au motif de r\u00e9gularisation \u00e0 la demande du Parquet\u00a0\u00bb, font savoir les services de gendarmerie, contact\u00e9e par Actu Toulouse.<\/p>\n<p>Vid\u00e9os : en ce moment sur Actu<\/p>\n<p class=\" wall-content\">Suivez toute l\u2019actualit\u00e9 de vos villes et m\u00e9dias favoris en vous inscrivant \u00e0 <a href=\"https:\/\/moncompte.actu.fr\" title=\"D\u00e9couvez Mon Actu\" rel=\"nofollow noopener\" data-trk=\"{&quot;cta&quot;:{&quot;action&quot;:&quot;https:\\\/\\\/moncompte.actu.fr&quot;,&quot;category&quot;:&quot;mon compte&quot;,&quot;from&quot;:&quot;article footer&quot;,&quot;name&quot;:&quot;Mon actu&quot;,&quot;type&quot;:&quot;cta&quot;}}\" target=\"_blank\">Mon Actu<\/a>.<\/p>\n","protected":false},"excerpt":{"rendered":"Par Marie Lamarque Publi\u00e9 le 4 ao\u00fbt 2025 \u00e0 17h52 Un gros \u00ab\u00a0oubli\u00a0\u00bb qui aurait pu co\u00fbter tr\u00e8s&hellip;\n","protected":false},"author":2,"featured_media":297065,"comment_status":"","ping_status":"","sticky":false,"template":"","format":"standard","meta":{"footnotes":""},"categories":[2816],"tags":[1111,11,1777,674,118,1011,27,3381,714,12,2680,25,2312],"class_list":{"0":"post-297064","1":"post","2":"type-post","3":"status-publish","4":"format-standard","5":"has-post-thumbnail","7":"category-toulouse","8":"tag-actu","9":"tag-actualites","10":"tag-eu","11":"tag-europe","12":"tag-faits-divers","13":"tag-fr","14":"tag-france","15":"tag-gendarmerie","16":"tag-ikea","17":"tag-news","18":"tag-occitanie","19":"tag-republique-francaise","20":"tag-toulouse"},"share_on_mastodon":{"url":"https:\/\/pubeurope.com\/@fr\/114973786953025689","error":""},"_links":{"self":[{"href":"https:\/\/www.europesays.com\/fr\/wp-json\/wp\/v2\/posts\/297064","targetHints":{"allow":["GET"]}}],"collection":[{"href":"https:\/\/www.europesays.com\/fr\/wp-json\/wp\/v2\/posts"}],"about":[{"href":"https:\/\/www.europesays.com\/fr\/wp-json\/wp\/v2\/types\/post"}],"author":[{"embeddable":true,"href":"https:\/\/www.europesays.com\/fr\/wp-json\/wp\/v2\/users\/2"}],"replies":[{"embeddable":true,"href":"https:\/\/www.europesays.com\/fr\/wp-json\/wp\/v2\/comments?post=297064"}],"version-history":[{"count":0,"href":"https:\/\/www.europesays.com\/fr\/wp-json\/wp\/v2\/posts\/297064\/revisions"}],"wp:featuredmedia":[{"embeddable":true,"href":"https:\/\/www.europesays.com\/fr\/wp-json\/wp\/v2\/media\/297065"}],"wp:attachment":[{"href":"https:\/\/www.europesays.com\/fr\/wp-json\/wp\/v2\/media?parent=297064"}],"wp:term":[{"taxonomy":"category","embeddable":true,"href":"https:\/\/www.europesays.com\/fr\/wp-json\/wp\/v2\/categories?post=297064"},{"taxonomy":"post_tag","embeddable":true,"href":"https:\/\/www.europesays.com\/fr\/wp-json\/wp\/v2\/tags?post=297064"}],"curies":[{"name":"wp","href":"https:\/\/api.w.org\/{rel}","templated":true}]}}