{"id":297070,"date":"2025-08-05T02:28:13","date_gmt":"2025-08-05T02:28:13","guid":{"rendered":"https:\/\/www.europesays.com\/fr\/297070\/"},"modified":"2025-08-05T02:28:13","modified_gmt":"2025-08-05T02:28:13","slug":"a-marseille-lecole-deoures-se-debarrasse-enfin-de-ses-prefabriques-datant-de-1978","status":"publish","type":"post","link":"https:\/\/www.europesays.com\/fr\/297070\/","title":{"rendered":"\u00c0 Marseille, l\u2019\u00e9cole d\u2019\u00c9oures se d\u00e9barrasse enfin de ses pr\u00e9fabriqu\u00e9s datant de 1978"},"content":{"rendered":"\n<p>Une page se tourne \u00e0 l\u2019\u00e9cole primaire d\u2019\u00c9oures dans le 11e\u00a0arrondissement de Marseille, o\u00f9 <a href=\"https:\/\/www.lamarseillaise.fr\/societe\/les-parents-denoncent-l-etat-de-l-ecole-d-eoures-LC17049460\" target=\"_blank\" rel=\"noopener\">les parents d\u2019\u00e9l\u00e8ves s\u2019\u00e9taient mobilis\u00e9s en novembre<\/a> pour r\u00e9clamer des travaux d\u2019urgence dans cet \u00e9tablissement comptant quatre\u00a0classes de maternelle et six\u00a0classes d\u2019\u00e9l\u00e9mentaires pour 254\u00a0\u00e9l\u00e8ves. En juillet, les pr\u00e9fabriqu\u00e9s construits provisoirement en 1978, ont \u00e9t\u00e9 enti\u00e8rement d\u00e9truits.<\/p>\n<p>Un nouveau b\u00e2timent en dur verra le jour d\u2019ici novembre. Sa construction va d\u00e9marrer. Il accueillera une salle polyvalente, une salle des ma\u00eetres et une tisani\u00e8re pour les agents municipaux. Les deux classes qui y \u00e9tudiaient s\u2019installeront \u00e0 la rentr\u00e9e en septembre dans le b\u00e2timent adjacent qui abritait deux appartements de fonction inoccup\u00e9s. Sol, plafond, boiseries, sanitaires&#8230; tout a \u00e9t\u00e9 enti\u00e8rement refait.<\/p>\n<p>\u00ab\u00a0C\u2019est l\u2019\u00e9quivalent de quelque chose de neuf. \u00c7a fait un an et demi qu\u2019on est sur le dossier, il y avait la question des fourmis, des infiltrations d\u2019eau, des rats&#8230; on a lanc\u00e9 des \u00e9tudes, on a vu avec le personnel de l\u2019\u00e9ducation nationale et cette solution nous est apparue la plus simple\u00a0\u00bb, explique <a href=\"https:\/\/www.lamarseillaise.fr\/politique\/ce-chiffre-de-80-ecoles-en-six-ans-est-inedit-en-france-GL16952073\" target=\"_blank\" rel=\"noopener\">Pierre-Marie Ganozzi, adjoint (PM) au maire de Marseille en charge des \u00e9coles<\/a>, venu pr\u00e9senter lundi le chantier.<\/p>\n<p>\u00ab\u00a0Cela a pris du temps mais on ne fait pas comme l\u2019ancienne majorit\u00e9, des \u00e9tudes qui n\u2019aboutissent \u00e0 rien. Il y a des centaines dans les cartons, certaines ont trente ans, sauf qu\u2019il y avait z\u00e9ro budget derri\u00e8re\u00a0\u00bb, poursuit l\u2019\u00e9lu de gauche. \u00ab\u00a0Nous, on arrive avec des projets s\u00e9rieux et on enclenche sans passer des ann\u00e9es \u00e0 faire croire qu\u2019on va faire.\u00a0\u00bb La pique est assum\u00e9e.<\/p>\n<p> 16\u00a0millions de travaux durant l\u2019\u00e9t\u00e9\n              <\/p>\n<p>Pour cette r\u00e9habilitation lourde assur\u00e9e en direct par la ville de Marseille, 540\u00a0000\u00a0euros de travaux ont \u00e9t\u00e9 engag\u00e9s. Ils incluent le rev\u00eatement du pr\u00e9au et les peintures des sanitaires. Un des plus gros chantiers de l\u2019\u00e9t\u00e9 avec la toiture de Vallon des Tuves (15e). Une somme inscrite dans les 16\u00a0millions de travaux programm\u00e9s durant ces grandes vacances pour r\u00e9nover 197 \u00e9coles. Dix-neuf autres \u00e9tablissements sont, eux, concern\u00e9s par un changement de chaudi\u00e8re (4\u00a0millions).<\/p>\n<p>\u00ab\u00a0Lorsque nous sommes arriv\u00e9s en responsabilit\u00e9, moins de dix millions par an \u00e9taient consacr\u00e9s \u00e0 la totalit\u00e9 des \u00e9coles. <a href=\"https:\/\/www.lamarseillaise.fr\/politique\/ce-chiffre-de-80-ecoles-en-six-ans-est-inedit-en-france-GL16952073\" target=\"_blank\" rel=\"noopener\">Nous en mettons<\/a><a href=\"https:\/\/www.lamarseillaise.fr\/politique\/ce-chiffre-de-80-ecoles-en-six-ans-est-inedit-en-france-GL16952073\" target=\"_blank\" rel=\"noopener\">\u00a0<\/a><a href=\"https:\/\/www.lamarseillaise.fr\/politique\/ce-chiffre-de-80-ecoles-en-six-ans-est-inedit-en-france-GL16952073\" target=\"_blank\" rel=\"noopener\">40 chaque ann\u00e9e<\/a> pour 290\u00a0\u00e9coles puisque je ne parle pas des\u00a0188 qui seront reconstruites par la Spem\u00a0\u00bb, poursuit Pierre-Marie Ganozzi. Et de rappeler que 3,6\u00a0millions sont programm\u00e9s dans le secteur des 11-12, actuellement dirig\u00e9 par la droite locale. Trois fois plus que lorsque cette derni\u00e8re \u00e9tait aux commandes de la Ville.<\/p>\n","protected":false},"excerpt":{"rendered":"Une page se tourne \u00e0 l\u2019\u00e9cole primaire d\u2019\u00c9oures dans le 11e\u00a0arrondissement de Marseille, o\u00f9 les parents d\u2019\u00e9l\u00e8ves s\u2019\u00e9taient&hellip;\n","protected":false},"author":2,"featured_media":297071,"comment_status":"","ping_status":"","sticky":false,"template":"","format":"standard","meta":{"footnotes":""},"categories":[2814],"tags":[1111,11,1777,674,1011,27,884,12,4916,882,25],"class_list":{"0":"post-297070","1":"post","2":"type-post","3":"status-publish","4":"format-standard","5":"has-post-thumbnail","7":"category-marseille","8":"tag-actu","9":"tag-actualites","10":"tag-eu","11":"tag-europe","12":"tag-fr","13":"tag-france","14":"tag-marseille","15":"tag-news","16":"tag-projets","17":"tag-provence-alpes-cote-dazur","18":"tag-republique-francaise"},"share_on_mastodon":{"url":"https:\/\/pubeurope.com\/@fr\/114973802729978817","error":""},"_links":{"self":[{"href":"https:\/\/www.europesays.com\/fr\/wp-json\/wp\/v2\/posts\/297070","targetHints":{"allow":["GET"]}}],"collection":[{"href":"https:\/\/www.europesays.com\/fr\/wp-json\/wp\/v2\/posts"}],"about":[{"href":"https:\/\/www.europesays.com\/fr\/wp-json\/wp\/v2\/types\/post"}],"author":[{"embeddable":true,"href":"https:\/\/www.europesays.com\/fr\/wp-json\/wp\/v2\/users\/2"}],"replies":[{"embeddable":true,"href":"https:\/\/www.europesays.com\/fr\/wp-json\/wp\/v2\/comments?post=297070"}],"version-history":[{"count":0,"href":"https:\/\/www.europesays.com\/fr\/wp-json\/wp\/v2\/posts\/297070\/revisions"}],"wp:featuredmedia":[{"embeddable":true,"href":"https:\/\/www.europesays.com\/fr\/wp-json\/wp\/v2\/media\/297071"}],"wp:attachment":[{"href":"https:\/\/www.europesays.com\/fr\/wp-json\/wp\/v2\/media?parent=297070"}],"wp:term":[{"taxonomy":"category","embeddable":true,"href":"https:\/\/www.europesays.com\/fr\/wp-json\/wp\/v2\/categories?post=297070"},{"taxonomy":"post_tag","embeddable":true,"href":"https:\/\/www.europesays.com\/fr\/wp-json\/wp\/v2\/tags?post=297070"}],"curies":[{"name":"wp","href":"https:\/\/api.w.org\/{rel}","templated":true}]}}