{"id":297072,"date":"2025-08-05T02:29:14","date_gmt":"2025-08-05T02:29:14","guid":{"rendered":"https:\/\/www.europesays.com\/fr\/297072\/"},"modified":"2025-08-05T02:29:14","modified_gmt":"2025-08-05T02:29:14","slug":"le-metro-c-ne-roule-plus-pendant-deux-semaines-a-cause-de-travaux-de-modernisation","status":"publish","type":"post","link":"https:\/\/www.europesays.com\/fr\/297072\/","title":{"rendered":"le m\u00e9tro C ne roule plus pendant deux semaines \u00e0 cause de travaux de modernisation"},"content":{"rendered":"<p itemprop=\"description\"><strong>Le d\u00e9but du mois d\u2019ao\u00fbt va \u00eatre perturb\u00e9 pour les utilisateurs habituels du m\u00e9tro C.<\/strong><\/p>\n<p>\u00c0 compter de ce lundi 4 ao\u00fbt, et jusqu\u2019au dimanche 17 ao\u00fbt (inclus), la ligne sera totalement interrompue entre les stations H\u00f4tel de Ville et Cuire. La raison est simple, le m\u00e9tro historique de Lyon va subir d\u2019importants travaux d\u2019entretien et de modernisation.<\/p>\n<p>Plus pr\u00e9cis\u00e9ment, l\u2019alimentation \u00e9lectrique sera au c\u0153ur de la r\u00e9novation de ce \u00ab\u00a0symbole du patrimoine technique et historique de la ville\u00a0\u00bb, comme le pr\u00e9cise le Sytral dans un communiqu\u00e9 de presse.<\/p>\n<p>Durant la p\u00e9riode d\u2019entretien, les usagers sont invit\u00e9s \u00e0 emprunter la ligne de bus C13 entre Terreaux-Tobie Robatel et Cuire. La fr\u00e9quence sera entre 7 et 20 minutes du lundi au vendredi, entre 10 et 18 minutes le samedi, puis entre 10 et 15 minutes le dimanche.<\/p>\n<p>Plus d\u2019informations \u00e0 retrouver sur le site et l\u2019application TCL.<\/p>\n<blockquote class=\"twitter-tweet\"><p>&#13;<\/p>\n<p dir=\"ltr\" lang=\"fr\">\ud83d\udea7[TRAVAUX] M\u00e9tro C<br \/>\ud83d\udcc5Du 4 au 17 ao\u00fbt, la ligne de m\u00e9tro C est interrompue pour permettre des travaux d\u2019entretien et de modernisation<br \/>\ud83d\ude8cLa ligne C13 est renforc\u00e9e entre Terreaux La Feuill\u00e9e et Cuire pour accompagner vos d\u00e9placements<br \/>\ud83d\udc49Infos : <a href=\"https:\/\/t.co\/QZ6Mi7u2Kh\" rel=\"nofollow\">https:\/\/t.co\/QZ6Mi7u2Kh<\/a><br \/>\ud83d\udcf8\u00c9ric Soudan <a href=\"https:\/\/t.co\/yPUKwkADme\" rel=\"nofollow\">pic.twitter.com\/yPUKwkADme<\/a><\/p>\n<p>&#13;<br \/>\n\u2014 TCL (@TCL_SYTRAL) <a href=\"https:\/\/twitter.com\/TCL_SYTRAL\/status\/1946148834733658190?ref_src=twsrc%5Etfw\" rel=\"nofollow noopener\" target=\"_blank\">July 18, 2025<\/a><\/p><\/blockquote>\n<p>\t\t  <script async src=\"https:\/\/platform.twitter.com\/widgets.js\" charset=\"utf-8\"><\/script><\/p>\n","protected":false},"excerpt":{"rendered":"Le d\u00e9but du mois d\u2019ao\u00fbt va \u00eatre perturb\u00e9 pour les utilisateurs habituels du m\u00e9tro C. \u00c0 compter de&hellip;\n","protected":false},"author":2,"featured_media":259987,"comment_status":"","ping_status":"","sticky":false,"template":"","format":"standard","meta":{"footnotes":""},"categories":[1889],"tags":[1111,11,2813,2190,2430,1109,251,1112,2811,1777,674,118,1011,27,1922,1110,1114,2428,2810,12,241,316,25,2812,517,800],"class_list":{"0":"post-297072","1":"post","2":"type-post","3":"status-publish","4":"format-standard","5":"has-post-thumbnail","7":"category-lyon","8":"tag-actu","9":"tag-actualites","10":"tag-article","11":"tag-asvel","12":"tag-auvergne-rhone-alpes","13":"tag-breves","14":"tag-culture","15":"tag-depeches","16":"tag-economique","17":"tag-eu","18":"tag-europe","19":"tag-faits-divers","20":"tag-fr","21":"tag-france","22":"tag-info","23":"tag-informations","24":"tag-infos","25":"tag-lyon","26":"tag-lyonmag","27":"tag-news","28":"tag-ol","29":"tag-politique","30":"tag-republique-francaise","31":"tag-sociale","32":"tag-sport","33":"tag-transports"},"share_on_mastodon":{"url":"https:\/\/pubeurope.com\/@fr\/114973806640843574","error":""},"_links":{"self":[{"href":"https:\/\/www.europesays.com\/fr\/wp-json\/wp\/v2\/posts\/297072","targetHints":{"allow":["GET"]}}],"collection":[{"href":"https:\/\/www.europesays.com\/fr\/wp-json\/wp\/v2\/posts"}],"about":[{"href":"https:\/\/www.europesays.com\/fr\/wp-json\/wp\/v2\/types\/post"}],"author":[{"embeddable":true,"href":"https:\/\/www.europesays.com\/fr\/wp-json\/wp\/v2\/users\/2"}],"replies":[{"embeddable":true,"href":"https:\/\/www.europesays.com\/fr\/wp-json\/wp\/v2\/comments?post=297072"}],"version-history":[{"count":0,"href":"https:\/\/www.europesays.com\/fr\/wp-json\/wp\/v2\/posts\/297072\/revisions"}],"wp:featuredmedia":[{"embeddable":true,"href":"https:\/\/www.europesays.com\/fr\/wp-json\/wp\/v2\/media\/259987"}],"wp:attachment":[{"href":"https:\/\/www.europesays.com\/fr\/wp-json\/wp\/v2\/media?parent=297072"}],"wp:term":[{"taxonomy":"category","embeddable":true,"href":"https:\/\/www.europesays.com\/fr\/wp-json\/wp\/v2\/categories?post=297072"},{"taxonomy":"post_tag","embeddable":true,"href":"https:\/\/www.europesays.com\/fr\/wp-json\/wp\/v2\/tags?post=297072"}],"curies":[{"name":"wp","href":"https:\/\/api.w.org\/{rel}","templated":true}]}}