{"id":297075,"date":"2025-08-05T02:33:13","date_gmt":"2025-08-05T02:33:13","guid":{"rendered":"https:\/\/www.europesays.com\/fr\/297075\/"},"modified":"2025-08-05T02:33:13","modified_gmt":"2025-08-05T02:33:13","slug":"savez-vous-a-quoi-servent-les-ateliers-du-metro-de-paris","status":"publish","type":"post","link":"https:\/\/www.europesays.com\/fr\/297075\/","title":{"rendered":"Savez-vous \u00e0 quoi servent les ateliers du m\u00e9tro de Paris ?"},"content":{"rendered":"<p>Parigo Express r\u00e9pond chaque semaine aux questions des usagers franciliens sur leurs transports en commun. C&rsquo;est un petit myst\u00e8re souterrain : \u00e0 quoi servent les ateliers du m\u00e9tro parisien ? <\/p>\n<p>\n      L\u2019actu des r\u00e9gions\n    <\/p>\n<p>\n      Chaque jour, un tour d\u2019horizon des principales infos de toutes les r\u00e9gions.\n    <\/p>\n<p>    France T\u00e9l\u00e9visions utilise votre adresse e-mail afin de vous envoyer la newsletter \u00ab\u00a0L\u2019actu des r\u00e9gions\u00a0\u00bb. Vous pouvez vous d\u00e9sinscrire \u00e0 tout moment via le lien en bas de cette newsletter. <a target=\"_blank\" href=\"https:\/\/www.francetelevisions.fr\/groupe\/confidentialite\/politique-de-confidentialite\/politique-de-confidentialite-de-france-televisions-6503\" rel=\"nofollow noopener\">Notre politique de confidentialit\u00e9<\/a><\/p>\n<p>Ce sont de petites pi\u00e8ces souvent cach\u00e9es du grand public qui n&rsquo;y a d&rsquo;ailleurs acc\u00e8s qu&rsquo;une seule fois par an durant les Journ\u00e9es du Patrimoine. Pour la RATP ces ateliers sont essentiels \u00e0 la bonne marche du m\u00e9tro. Ils permettent d&rsquo;effectuer l&rsquo;entretien courant des rames circulant sur l&rsquo;ensemble du r\u00e9seau. <\/p>\n<p>Chaque ligne poss\u00e8de au moins un atelier de maintenance, certains sont partag\u00e9s car sp\u00e9cifiques \u00e0 un \u00e9quipement qui roule parfois sur plusieurs lignes. <\/p>\n<p>Les ateliers de \u00ab\u00a0petite r\u00e9vision\u00a0\u00bb assurent le nettoyage r\u00e9gulier des rames et les r\u00e9parations mineures. Les rames de la RATP doivent y passer tous les 1 500km c&rsquo;est-\u00e0-dire une fois par semaine. Les ateliers de \u00ab\u00a0grande r\u00e9vision\u00a0\u00bb assurent des r\u00e9parations complexes et les contr\u00f4les techniques une fois par mois. <\/p>\n<p>La plupart des ateliers sont en pleine modernisation pour pr\u00e9parer l&rsquo;arriv\u00e9e du nouveau m\u00e9tro : le MF19 qui occupera huit lignes du m\u00e9tro dans les 10 \u00e0 15 prochaines ann\u00e9es. <\/p>\n<p>Pour tout savoir sur les transports franciliens, retrouvez \u00ab\u00a0Parigo Express\u00a0\u00bb sur notre site <a target=\"_blank\" rel=\"noopener noreferrer nofollow\" href=\"https:\/\/www.france.tv\/france-3\/paris-ile-de-france\/parigo-express\/\">france.tv\/idf<\/a><\/p>\n","protected":false},"excerpt":{"rendered":"Parigo Express r\u00e9pond chaque semaine aux questions des usagers franciliens sur leurs transports en commun. C&rsquo;est un petit&hellip;\n","protected":false},"author":2,"featured_media":297076,"comment_status":"","ping_status":"","sticky":false,"template":"","format":"standard","meta":{"footnotes":""},"categories":[1888],"tags":[1111,1928,11,1927,1777,674,1011,27,12,1926,626,1925,25],"class_list":{"0":"post-297075","1":"post","2":"type-post","3":"status-publish","4":"format-standard","5":"has-post-thumbnail","7":"category-paris","8":"tag-actu","9":"tag-actu-paris","10":"tag-actualites","11":"tag-actualites-paris","12":"tag-eu","13":"tag-europe","14":"tag-fr","15":"tag-france","16":"tag-news","17":"tag-news-paris","18":"tag-paris","19":"tag-paris-news","20":"tag-republique-francaise"},"share_on_mastodon":{"url":"https:\/\/pubeurope.com\/@fr\/114973822624688093","error":""},"_links":{"self":[{"href":"https:\/\/www.europesays.com\/fr\/wp-json\/wp\/v2\/posts\/297075","targetHints":{"allow":["GET"]}}],"collection":[{"href":"https:\/\/www.europesays.com\/fr\/wp-json\/wp\/v2\/posts"}],"about":[{"href":"https:\/\/www.europesays.com\/fr\/wp-json\/wp\/v2\/types\/post"}],"author":[{"embeddable":true,"href":"https:\/\/www.europesays.com\/fr\/wp-json\/wp\/v2\/users\/2"}],"replies":[{"embeddable":true,"href":"https:\/\/www.europesays.com\/fr\/wp-json\/wp\/v2\/comments?post=297075"}],"version-history":[{"count":0,"href":"https:\/\/www.europesays.com\/fr\/wp-json\/wp\/v2\/posts\/297075\/revisions"}],"wp:featuredmedia":[{"embeddable":true,"href":"https:\/\/www.europesays.com\/fr\/wp-json\/wp\/v2\/media\/297076"}],"wp:attachment":[{"href":"https:\/\/www.europesays.com\/fr\/wp-json\/wp\/v2\/media?parent=297075"}],"wp:term":[{"taxonomy":"category","embeddable":true,"href":"https:\/\/www.europesays.com\/fr\/wp-json\/wp\/v2\/categories?post=297075"},{"taxonomy":"post_tag","embeddable":true,"href":"https:\/\/www.europesays.com\/fr\/wp-json\/wp\/v2\/tags?post=297075"}],"curies":[{"name":"wp","href":"https:\/\/api.w.org\/{rel}","templated":true}]}}