{"id":297079,"date":"2025-08-05T02:35:26","date_gmt":"2025-08-05T02:35:26","guid":{"rendered":"https:\/\/www.europesays.com\/fr\/297079\/"},"modified":"2025-08-05T02:35:26","modified_gmt":"2025-08-05T02:35:26","slug":"paris-pousser-les-murs-a-la-butte-aux-cailles-lextension-de-la-piscine-se-precise","status":"publish","type":"post","link":"https:\/\/www.europesays.com\/fr\/297079\/","title":{"rendered":"Paris : \u00ab\u00a0Pousser les murs\u00a0\u00bb&#8230; \u00e0 la Butte-aux-Cailles, l\u2019extension de la piscine se pr\u00e9cise"},"content":{"rendered":"<p class=\"paragraph text_align_left lp-f-body-02\">Elle est l\u2019une des plus anciennes piscines de la capitale. Construite entre 1922 et 1924, la <a href=\"https:\/\/www.leparisien.fr\/sports\/sites-sportifs-insolites-a-paris-nager-a-la-piscine-art-deco-de-la-buttes-aux-cailles-cest-magique-02-01-2024-74P6FSOG55CKVIGATTCJJ25T5U.php\" target=\"_blank\" rel=\"noreferrer nofollow noopener\">piscine de la Butte-aux-Cailles<\/a> (XIIIe) ne d\u00e9semplit pas d\u00e8s lors que les rayons du soleil illuminent Paris. En cette p\u00e9riode estivale, la file d\u2019attente aux abords de l\u2019infrastructure au style Art d\u00e9co sign\u00e9e l\u2019architecte Louis Bonnier et inscrite depuis 1991 \u00e0 l\u2019inventaire suppl\u00e9mentaire des monuments historiques ne d\u00e9semplit pas. Il faut parfois patienter plus d\u2019une heure avant de pouvoir se rafra\u00eechir.<\/p>\n<p class=\"paragraph text_align_left lp-f-body-02\">Un succ\u00e8s qui peut se traduire par un manque de confort au sein de cet \u00e9quipement tr\u00e8s fr\u00e9quent\u00e9 de la place Paul-Verlaine. Des bassins bond\u00e9s, peu de place pour s\u2019installer autour de la piscine\u2026 Des \u00ab probl\u00e8mes de fonctionnement \u00bb et des \u00ab mauvaises conditions \u00bb que constate le maire (DVG) du XIIIe, J\u00e9r\u00f4me Coumet. Dans une r\u00e9cente vid\u00e9o publi\u00e9e sur ses r\u00e9seaux sociaux, l\u2019\u00e9dile d\u00e9taille \u00ab l\u2019id\u00e9e originale \u00bb qu\u2019il a eue : \u00ab pousser les murs de la piscine pour r\u00e9aliser un solarium \u00bb.<\/p>\n<blockquote class=\"twitter-tweet\">\n<p lang=\"fr\" dir=\"ltr\">\u2753Et si l\u2019on poussait les murs de la piscine de la Butte-aux-Cailles \u2049\ufe0f<\/p>\n<p>Dans la vie, il faut parfois avoir des id\u00e9es originales.<\/p>\n<p>Et cette id\u00e9e devient une r\u00e9alit\u00e9.<\/p>\n<p>2 minutes d\u2019explications \u2b07\ufe0f\u2b07\ufe0f\u2b07\ufe0f <a href=\"https:\/\/t.co\/2sh4YWNX4i\" rel=\"nofollow\">pic.twitter.com\/2sh4YWNX4i<\/a><\/p>\n<p>\u2014 J\u00e9r\u00f4me Coumet (@jerome_coumet) <a href=\"https:\/\/twitter.com\/jerome_coumet\/status\/1950821546542391598?ref_src=twsrc%5Etfw\" rel=\"nofollow noopener\" target=\"_blank\">July 31, 2025<\/a><\/p><\/blockquote>\n<p class=\"paragraph text_align_left lp-f-body-02\">Le projet, vot\u00e9 au budget participatif en 2021 et lanc\u00e9 l\u2019an pass\u00e9, semble enfin prendre forme. Il a d\u2019abord n\u00e9cessit\u00e9 de lancer une enqu\u00eate publique et de \u00ab se rapprocher des <a href=\"https:\/\/www.leparisien.fr\/economie\/pour-stephane-bern-les-architectes-des-batiments-de-france-sont-une-sorte-de-police-du-patrimoine-15-03-2025-VAAEQ4YHLFABFDVTPZ5G5GIRQM.php\" target=\"_blank\" rel=\"noreferrer nofollow noopener\">Architectes des B\u00e2timents de France<\/a> \u00bb, justifie l\u2019\u00e9dile local. \u00ab Tout \u00e7a a \u00e9t\u00e9 compliqu\u00e9 \u00e0 mettre en \u0153uvre, mais on avance, assure-t-il, il y a encore quelques formalit\u00e9s administratives. Mais maintenant, nous savons que les travaux pourront commencer l\u2019ann\u00e9e prochaine. \u00bb<\/p>\n<p>Une nouvelle salle de fitness<\/p>\n<p class=\"paragraph text_align_left lp-f-body-02\">Concr\u00e8tement, \u00ab il est pr\u00e9vu de cr\u00e9er une extension de cet \u00e9quipement sur une partie de la rue du Moulinet \u00bb, lit-on dans une d\u00e9lib\u00e9ration pr\u00e9sent\u00e9e en Conseil de Paris en 2025. \u00ab Le nouveau b\u00e2timent pr\u00e9voit d\u2019int\u00e9grer une nouvelle salle de fitness en rez-de-chauss\u00e9e et un nouveau solarium en terrasse \u00bb. Celui-ci, \u00ab disposera d\u2019un \u00e9l\u00e9vateur PMR utilisable depuis les plages des bassins ext\u00e9rieurs \u00bb.<\/p>\n<p class=\"paragraph text_align_left lp-f-body-02\">En outre, l\u2019extension de la piscine sur la portion contigu\u00eb \u00e0 la rue du Moulinet \u00ab conduira \u00e0 la r\u00e9organisation de cette voie publique \u00e0 double sens \u00bb, poursuit le maire. Dans le d\u00e9tail, \u00ab le b\u00e2timent ainsi cr\u00e9\u00e9 longera le mur d\u2019enceinte existant sur une largeur d\u2019environ 5 m et s\u2019implantera sur le trottoir et la bande de stationnement c\u00f4t\u00e9 pair \u00bb.<\/p>\n<p class=\"paragraph text_align_left lp-f-body-02\">\u00c0 la piscine, la cr\u00e9ation d\u2019un nouveau solarium permettra d\u2019augmenter la jauge d\u2019accueil du site et de cr\u00e9er \u00ab un petit \u00e9quipement en dessous, qu\u2019on souhaite d\u00e9dier au sport sant\u00e9, aux seniors avec les associations locales \u00bb, compl\u00e8te J\u00e9r\u00f4me Coumet. Un projet qui fait donc suite \u00ab \u00e0 une s\u00e9rie d\u2019op\u00e9rations de r\u00e9novation de la piscine (NDLR, compl\u00e8tement r\u00e9nov\u00e9e en 2014), lui permettant de retrouver son cachet originel \u00bb.<\/p>\n<p><script async src=\"https:\/\/platform.twitter.com\/widgets.js\" charset=\"utf-8\"><\/script><\/p>\n","protected":false},"excerpt":{"rendered":"Elle est l\u2019une des plus anciennes piscines de la capitale. Construite entre 1922 et 1924, la piscine de&hellip;\n","protected":false},"author":2,"featured_media":297080,"comment_status":"","ping_status":"","sticky":false,"template":"","format":"standard","meta":{"footnotes":""},"categories":[1888],"tags":[11,1777,674,1011,27,1944,12,626,25],"class_list":{"0":"post-297079","1":"post","2":"type-post","3":"status-publish","4":"format-standard","5":"has-post-thumbnail","7":"category-paris","8":"tag-actualites","9":"tag-eu","10":"tag-europe","11":"tag-fr","12":"tag-france","13":"tag-ma-ville","14":"tag-news","15":"tag-paris","16":"tag-republique-francaise"},"share_on_mastodon":{"url":"https:\/\/pubeurope.com\/@fr\/114973830258486139","error":""},"_links":{"self":[{"href":"https:\/\/www.europesays.com\/fr\/wp-json\/wp\/v2\/posts\/297079","targetHints":{"allow":["GET"]}}],"collection":[{"href":"https:\/\/www.europesays.com\/fr\/wp-json\/wp\/v2\/posts"}],"about":[{"href":"https:\/\/www.europesays.com\/fr\/wp-json\/wp\/v2\/types\/post"}],"author":[{"embeddable":true,"href":"https:\/\/www.europesays.com\/fr\/wp-json\/wp\/v2\/users\/2"}],"replies":[{"embeddable":true,"href":"https:\/\/www.europesays.com\/fr\/wp-json\/wp\/v2\/comments?post=297079"}],"version-history":[{"count":0,"href":"https:\/\/www.europesays.com\/fr\/wp-json\/wp\/v2\/posts\/297079\/revisions"}],"wp:featuredmedia":[{"embeddable":true,"href":"https:\/\/www.europesays.com\/fr\/wp-json\/wp\/v2\/media\/297080"}],"wp:attachment":[{"href":"https:\/\/www.europesays.com\/fr\/wp-json\/wp\/v2\/media?parent=297079"}],"wp:term":[{"taxonomy":"category","embeddable":true,"href":"https:\/\/www.europesays.com\/fr\/wp-json\/wp\/v2\/categories?post=297079"},{"taxonomy":"post_tag","embeddable":true,"href":"https:\/\/www.europesays.com\/fr\/wp-json\/wp\/v2\/tags?post=297079"}],"curies":[{"name":"wp","href":"https:\/\/api.w.org\/{rel}","templated":true}]}}