{"id":297087,"date":"2025-08-05T02:39:10","date_gmt":"2025-08-05T02:39:10","guid":{"rendered":"https:\/\/www.europesays.com\/fr\/297087\/"},"modified":"2025-08-05T02:39:10","modified_gmt":"2025-08-05T02:39:10","slug":"au-panama-lafflux-des-retornados-refoules-par-les-etats-unis-liberation","status":"publish","type":"post","link":"https:\/\/www.europesays.com\/fr\/297087\/","title":{"rendered":"Au Panam\u00e1, l\u2019afflux des \u00abretornados\u00bb refoul\u00e9s par les Etats-Unis \u2013 Lib\u00e9ration"},"content":{"rendered":"<p class=\"sc-ksZaOG ehjQrN text-element\">Le petit bateau motoris\u00e9 s\u2019\u00e9loigne \u00e0 l\u2019horizon, sous les applaudissements du groupe de personnes rest\u00e9es \u00e0 quai malgr\u00e9 la pluie battante. L\u2019orage menace, mais la mer est calme : les p\u00eacheurs de Miramar ont d\u00e9cid\u00e9 que les conditions m\u00e9t\u00e9orologiques permettaient le voyage. A bord, 25 passagers, tous des V\u00e9n\u00e9zu\u00e9liens, qui ont d\u00e9bours\u00e9 quelques centaines de dollars pour \u00eatre conduits jusqu\u2019\u00e0 la Colombie. Des embarcations de ce type \u2013 des \u00ablanchas\u00bb, dit-on ici, au Panam\u00e1 \u2013 quittent le port quotidiennement, charg\u00e9es de migrants sud-am\u00e9ricains sur le chemin du retour, apr\u00e8s avoir tent\u00e9 en vain de se rendre aux Etats-Unis pour y trouver une vie meilleure.<\/p>\n<p class=\"sc-ksZaOG ehjQrN text-element\">Le flux est variable, mais continu. Vingt \u00e0 trente personnes embarquent chaque jour, parfois beaucoup plus. Quelquefois, quand la mer est trop dangereuse ou que les candidats au voyage capables de payer ne sont pas assez nombreux, personne ne part. Miramar, petit village de p\u00eacheurs situ\u00e9 sur la c\u00f4te est du Panam\u00e1, au large de la mer des Cara\u00efbes, est devenu en l\u2019espace de quelques mois un point de transit majeur d\u2019une nouvelle route migratoire, directement produite par le retour \u00e0 la Maison Blanche de Donald Trump. Le pays d\u2019Am\u00e9rique centrale, jusque-l\u00e0, \u00e9tait travers\u00e9 par <a href=\"https:\/\/www.liberation.fr\/international\/amerique\/aux-etats-unis-la-question-des-migrants-simmisce-dans-la-campagne-presidentielle-20231229_C2WNH2YT45DANJ4N74VKJDWBV4\/\" target=\"_blank\" rel=\"noopener\" title=\"https:\/\/www.liberation.fr\/international\/amerique\/&lt;\/p&gt;&lt;\/div&gt;&lt;\/article&gt;&lt;\/div&gt;&lt;div data-fusion-lazy-id=\" f0f8vgvlad832fw=\"\"><\/p>\n","protected":false},"excerpt":{"rendered":"Le petit bateau motoris\u00e9 s\u2019\u00e9loigne \u00e0 l\u2019horizon, sous les applaudissements du groupe de personnes rest\u00e9es \u00e0 quai malgr\u00e9&hellip;\n","protected":false},"author":2,"featured_media":297088,"comment_status":"","ping_status":"","sticky":false,"template":"","format":"standard","meta":{"footnotes":""},"categories":[1589],"tags":[11,9395,75,73,1866,5697,35286,12,6471,1864,1865,1863,308,337],"class_list":{"0":"post-297087","1":"post","2":"type-post","3":"status-publish","4":"format-standard","5":"has-post-thumbnail","7":"category-etats-unis","8":"tag-actualites","9":"tag-colombie","10":"tag-donald-trump","11":"tag-etats-unis","12":"tag-etats-unis-damerique","13":"tag-mexique","14":"tag-migrants-files","15":"tag-news","16":"tag-panama","17":"tag-united-states","18":"tag-united-states-of-america","19":"tag-us","20":"tag-usa","21":"tag-venezuela"},"share_on_mastodon":{"url":"https:\/\/pubeurope.com\/@fr\/114973846109455438","error":""},"_links":{"self":[{"href":"https:\/\/www.europesays.com\/fr\/wp-json\/wp\/v2\/posts\/297087","targetHints":{"allow":["GET"]}}],"collection":[{"href":"https:\/\/www.europesays.com\/fr\/wp-json\/wp\/v2\/posts"}],"about":[{"href":"https:\/\/www.europesays.com\/fr\/wp-json\/wp\/v2\/types\/post"}],"author":[{"embeddable":true,"href":"https:\/\/www.europesays.com\/fr\/wp-json\/wp\/v2\/users\/2"}],"replies":[{"embeddable":true,"href":"https:\/\/www.europesays.com\/fr\/wp-json\/wp\/v2\/comments?post=297087"}],"version-history":[{"count":0,"href":"https:\/\/www.europesays.com\/fr\/wp-json\/wp\/v2\/posts\/297087\/revisions"}],"wp:featuredmedia":[{"embeddable":true,"href":"https:\/\/www.europesays.com\/fr\/wp-json\/wp\/v2\/media\/297088"}],"wp:attachment":[{"href":"https:\/\/www.europesays.com\/fr\/wp-json\/wp\/v2\/media?parent=297087"}],"wp:term":[{"taxonomy":"category","embeddable":true,"href":"https:\/\/www.europesays.com\/fr\/wp-json\/wp\/v2\/categories?post=297087"},{"taxonomy":"post_tag","embeddable":true,"href":"https:\/\/www.europesays.com\/fr\/wp-json\/wp\/v2\/tags?post=297087"}],"curies":[{"name":"wp","href":"https:\/\/api.w.org\/{rel}","templated":true}]}}