{"id":297089,"date":"2025-08-05T02:40:15","date_gmt":"2025-08-05T02:40:15","guid":{"rendered":"https:\/\/www.europesays.com\/fr\/297089\/"},"modified":"2025-08-05T02:40:15","modified_gmt":"2025-08-05T02:40:15","slug":"routes-coupees-arbres-au-sol-foyers-sans-electricite-les-images-de-la-tempete-floris-qui-a-frappe-lecosse-et-le-nord-de-langleterre","status":"publish","type":"post","link":"https:\/\/www.europesays.com\/fr\/297089\/","title":{"rendered":"Routes coup\u00e9es, arbres au sol, foyers sans \u00e9lectricit\u00e9\u2026 Les images de la temp\u00eate Floris qui a frapp\u00e9 l\u2019\u00c9cosse et le nord de l\u2019Angleterre"},"content":{"rendered":"<p class=\"paragraph text_align_left lp-f-body-02\">Le vent a souffl\u00e9 fort par endroits outre-Manche. La <a href=\"https:\/\/www.leparisien.fr\/meteo\/tempete-floris-rafales-a-150-kmh-vagues-de-7-m-a-quoi-sattendre-sur-le-nord-de-leurope-04-08-2025-ALDXN2DH75H2XBZHWUPKGNVCKM.php\" target=\"_blank\" rel=\"noreferrer nofollow noopener\">temp\u00eate Floris<\/a> a frapp\u00e9 l\u2019\u00c9cosse et le nord de l\u2019Angleterre ce lundi 4 ao\u00fbt, avec une force \u00ab inhabituelle \u00bb pour un mois d\u2019ao\u00fbt, affirme l\u2019office national de m\u00e9t\u00e9orologie.<\/p>\n<p class=\"paragraph text_align_left lp-f-body-02\">Il s\u2019agit de la deuxi\u00e8me fois depuis 2011 que l\u2019office m\u00e9t\u00e9o \u00e9met une alerte aux vents violents de ce niveau en ao\u00fbt. Des rafales de vent \u00e0 130 km\/h ont notamment \u00e9t\u00e9 relev\u00e9es sur l\u2019\u00eele de South Uist, \u00e0 l\u2019ouest de cette nation britannique.<\/p>\n<blockquote class=\"twitter-tweet\">\n<p lang=\"fr\" dir=\"ltr\">La <a href=\"https:\/\/twitter.com\/hashtag\/temp%C3%AAte?src=hash&amp;ref_src=twsrc%5Etfw\" rel=\"nofollow noopener\" target=\"_blank\">#temp\u00eate<\/a> <a href=\"https:\/\/twitter.com\/hashtag\/Floris?src=hash&amp;ref_src=twsrc%5Etfw\" rel=\"nofollow noopener\" target=\"_blank\">#Floris<\/a> est une d\u00e9pression atypique au c\u0153ur de l&rsquo;\u00e9t\u00e9 qui passe ce lundi au nord de l&rsquo;Irlande et sur l&rsquo;\u00c9cosse. Les vents souffleront g\u00e9n\u00e9ralement entre 120 et 130 km\/h, avec des pointes \u00e0 140 sur les reliefs. Le nord de l&rsquo;<a href=\"https:\/\/twitter.com\/hashtag\/Irlande?src=hash&amp;ref_src=twsrc%5Etfw\" rel=\"nofollow noopener\" target=\"_blank\">#Irlande<\/a> est en alerte orange \ud83d\udfe0 <a href=\"https:\/\/t.co\/F8nrOqYzJP\" rel=\"nofollow\">pic.twitter.com\/F8nrOqYzJP<\/a><\/p>\n<p>\u2014 La Cha\u00eene M\u00e9t\u00e9o (@lachainemeteo) <a href=\"https:\/\/twitter.com\/lachainemeteo\/status\/1952260832395395362?ref_src=twsrc%5Etfw\" rel=\"nofollow noopener\" target=\"_blank\">August 4, 2025<\/a><\/p><\/blockquote>\n<p class=\"paragraph text_align_left lp-f-body-02\">Dans la soir\u00e9e, le vent a ainsi atteint 132 km\/h \u00e0 Wick dans l\u2019extr\u00eame nord de l\u2019\u00c9cosse, devenant le nouveau record pour un mois d\u2019ao\u00fbt dans cette nation britannique, a indiqu\u00e9 le Met Office sur X.<\/p>\n<p class=\"paragraph text_align_left lp-f-body-02\">De nombreuses perturbations ont \u00e9t\u00e9 enregistr\u00e9es, en particulier sur le r\u00e9seau de chemin de fer, o\u00f9 des trains ont \u00e9t\u00e9 annul\u00e9s, selon l\u2019op\u00e9rateur Network Rail Scotland.<\/p>\n<p class=\"paragraph text_align_left lp-f-body-02\">La chute d\u2019un arbre a caus\u00e9 un incendie sur les rails pr\u00e8s de Glasgow.<\/p>\n<p><img decoding=\"async\" class=\"image \" loading=\"lazy\" src=\"https:\/\/www.europesays.com\/fr\/wp-content\/uploads\/2025\/08\/SKQIQNLSG5B3BCNOUZE5HHNIAU.jpg\" alt=\"En raison de la temp\u00eate Floris, des trains ont \u00e9t\u00e9 annul\u00e9s, selon l\u2019op\u00e9rateur Network Rail Scotland. Reuters\/Russell Cheyne\" align=\"\" data-rubrique-principale=\"\" data-article-type=\"\" fetchpriority=\"auto\"\/>En raison de la temp\u00eate Floris, des trains ont \u00e9t\u00e9 annul\u00e9s, selon l\u2019op\u00e9rateur Network Rail Scotland. Reuters\/Russell Cheyne<\/p>\n<p class=\"paragraph text_align_left lp-f-body-02\">Autre cons\u00e9quence de ces intemp\u00e9ries, des vols ont \u00e9galement \u00e9t\u00e9 annul\u00e9s dans certains a\u00e9roports, en particulier celui d\u2019Aberdeen.<\/p>\n<p class=\"paragraph text_align_left lp-f-body-02\">D\u2019autres arbres ont \u00e9t\u00e9 arrach\u00e9s par la temp\u00eate, comme ici pr\u00e8s de la route A82 pr\u00e8s d\u2019Onich. Un ouvrier a retir\u00e9 les branches qui bloquaient une partie de cet axe.<\/p>\n<p><img decoding=\"async\" class=\"image \" loading=\"lazy\" src=\"https:\/\/www.europesays.com\/fr\/wp-content\/uploads\/2025\/08\/VVPZ4AQYCZB77MIFXCKU2A6O5Q.jpg\" alt=\"Un ouvrier retirer un arbre arrach\u00e9 par la temp\u00eate Floris ce lundi 4 ao\u00fbt sur une route d'Ecosse. Reuters\/Russell Cheyne\" align=\"\" data-rubrique-principale=\"\" data-article-type=\"\" fetchpriority=\"auto\"\/>Un ouvrier retirer un arbre arrach\u00e9 par la temp\u00eate Floris ce lundi 4 ao\u00fbt sur une route d&rsquo;Ecosse. Reuters\/Russell Cheyne<\/p>\n<p class=\"paragraph text_align_left lp-f-body-02\">Sur les routes, la vigilance \u00e9tait de mise. Des panneaux d\u2019affichage demandaient aux automobilistes de faire attention aux \u00ab fortes pluies \u00bb et de conduire avec prudence.<\/p>\n<p><img decoding=\"async\" class=\"image \" loading=\"lazy\" src=\"https:\/\/www.europesays.com\/fr\/wp-content\/uploads\/2025\/08\/3DLDB6WR4VFEBLA2MOCKIOSX7M.jpg\" alt=\"Un panneau appelle les automobilistes \u00e0 la prudence alors que la temp\u00eate Floris frappe l'\u00c9cosse. Reuters\/Russell Cheyne\" align=\"\" data-rubrique-principale=\"\" data-article-type=\"\" fetchpriority=\"auto\"\/>Un panneau appelle les automobilistes \u00e0 la prudence alors que la temp\u00eate Floris frappe l&rsquo;\u00c9cosse. Reuters\/Russell Cheyne<\/p>\n<p class=\"paragraph text_align_left lp-f-body-02\">Environ 22 500 foyers \u00e9taient sans \u00e9lectricit\u00e9 lundi en d\u00e9but d\u2019apr\u00e8s-midi, selon l\u2019op\u00e9rateur du r\u00e9seau Scottish and Southern Electricity Networks (SSEN). La temp\u00eate a \u00e9galement touch\u00e9 l\u2019Irlande du Nord, o\u00f9 environ 2 700 foyers \u00e9taient priv\u00e9s d\u2019\u00e9lectricit\u00e9 en fin de journ\u00e9e, selon l\u2019op\u00e9rateur du r\u00e9seau ESB Networks.<\/p>\n<p class=\"paragraph text_align_left lp-f-body-02\">\u00ab La temp\u00eate Floris a \u00e9t\u00e9 la temp\u00eate estivale la plus d\u00e9vastatrice de ces derni\u00e8res ann\u00e9es et a eu un impact consid\u00e9rable sur notre r\u00e9seau \u00e9cossais. Pendant que nous r\u00e9parons les pannes, nous organisons des distributions de repas dans les communaut\u00e9s touch\u00e9es \u00bb, a indiqu\u00e9 le SSEN, sur X.<\/p>\n<p>Des camping-cars et des bateaux en difficult\u00e9<\/p>\n<p class=\"paragraph text_align_left lp-f-body-02\">\u00c0 Edimbourg, le c\u00e9l\u00e8bre festival d\u2019arts de la sc\u00e8ne Fringe, qui accueille plus de deux millions de personnes chaque ann\u00e9e, a d\u00fb annuler une centaine de repr\u00e9sentations \u00e0 cause de la temp\u00eate, a indiqu\u00e9 \u00e0 Sky News son directeur Tony Lankester.<\/p>\n<p class=\"paragraph text_align_left lp-f-body-02\">Sur l\u2019\u00eele de Skye, tr\u00e8s touristique, des camping-cars ont \u00e9t\u00e9 emport\u00e9s sous l\u2019effet des fortes rafales, a rapport\u00e9 la police locale, qui recommande aux vacanciers de se mettre \u00e0 l\u2019abri.<\/p>\n<p><img decoding=\"async\" class=\"image \" loading=\"lazy\" src=\"https:\/\/www.europesays.com\/fr\/wp-content\/uploads\/2025\/08\/HEJFX6CBNJAKXBEWPNWYWORUBI.jpg\" alt=\"Un sauveteur a \u00e9rig\u00e9 un drapeau pendant la temp\u00eate Floris sur la c\u00f4te nord de l'Irlande du Nord, \u00e0 Portstewart. Reuters\/Cathal McNaughton&#10;\" align=\"\" data-rubrique-principale=\"\" data-article-type=\"\" fetchpriority=\"auto\"\/>Un sauveteur a \u00e9rig\u00e9 un drapeau pendant la temp\u00eate Floris sur la c\u00f4te nord de l&rsquo;Irlande du Nord, \u00e0 Portstewart. Reuters\/Cathal McNaughton <\/p>\n<p class=\"paragraph text_align_left lp-f-body-02\">De leurs c\u00f4t\u00e9s, des bateaux ont rencontr\u00e9 des difficult\u00e9s \u00e0 s\u2019amarrer alors que de fortes rafales de vent frappaient \u00e0 Fort William, en \u00c9cosse.<\/p>\n<p><img decoding=\"async\" class=\"image \" loading=\"lazy\" src=\"https:\/\/www.europesays.com\/fr\/wp-content\/uploads\/2025\/08\/RKBQ7EIYOVDR5LRSFRJVVAJ2KE.jpg\" alt=\"Des bateaux ont eu des difficult\u00e9s \u00e0 s'amarrer alors que la temp\u00eate Floris frappe, \u00e0 Fort William, en \u00c9cosse. Reuters\/Russell Cheyne\" align=\"\" data-rubrique-principale=\"\" data-article-type=\"\" fetchpriority=\"auto\"\/>Des bateaux ont eu des difficult\u00e9s \u00e0 s&rsquo;amarrer alors que la temp\u00eate Floris frappe, \u00e0 Fort William, en \u00c9cosse. Reuters\/Russell Cheyne<\/p>\n<p class=\"paragraph text_align_left lp-f-body-02\">Mais les intemp\u00e9ries n\u2019ont pas d\u00e9courag\u00e9 certains riverains qui ont souhait\u00e9 immortaliser la temp\u00eate en cours. Comme ici dans la ville d\u2019Oban, o\u00f9 une femme prend des photos avec son t\u00e9l\u00e9phone sur l\u2019esplanade.<\/p>\n<p><img decoding=\"async\" class=\"image \" loading=\"lazy\" src=\"https:\/\/www.europesays.com\/fr\/wp-content\/uploads\/2025\/08\/MVA45E76GVEHVBJ2B6TIRSI3EA.jpg\" alt=\"Dans la ville d\u2019Oban, une femme prend des photos avec son t\u00e9l\u00e9phone sur l\u2019esplanade. Reuters\/Russell Cheyne\" align=\"\" data-rubrique-principale=\"\" data-article-type=\"\" fetchpriority=\"auto\"\/>Dans la ville d\u2019Oban, une femme prend des photos avec son t\u00e9l\u00e9phone sur l\u2019esplanade. Reuters\/Russell Cheyne<\/p>\n<p class=\"paragraph text_align_left lp-f-body-02\">Le Met Office a pr\u00e9venu que des pr\u00e9cipitations intenses pourraient s\u2019ajouter aux vents violents. L\u2019alerte \u00e9tait en vigueur jusqu\u2019\u00e0 23 heures locales (minuit \u00e0 Paris).<\/p>\n<p class=\"paragraph text_align_left lp-f-body-02\">La temp\u00eate Floris est la sixi\u00e8me \u00e0 frapper le Royaume-Uni depuis septembre dernier, qui marque le d\u00e9but du calendrier pour le d\u00e9compte de ce type d\u2019\u00e9v\u00e9nement climatique, dont la force est amplifi\u00e9e par le changement climatique.<\/p>\n<p><script async src=\"https:\/\/platform.twitter.com\/widgets.js\" charset=\"utf-8\"><\/script><\/p>\n","protected":false},"excerpt":{"rendered":"Le vent a souffl\u00e9 fort par endroits outre-Manche. La temp\u00eate Floris a frapp\u00e9 l\u2019\u00c9cosse et le nord de&hellip;\n","protected":false},"author":2,"featured_media":297090,"comment_status":"","ping_status":"","sticky":false,"template":"","format":"standard","meta":{"footnotes":""},"categories":[1588],"tags":[11,1777,674,14,12,473,1853,1851,1850,1852],"class_list":{"0":"post-297089","1":"post","2":"type-post","3":"status-publish","4":"format-standard","5":"has-post-thumbnail","7":"category-royaume-uni","8":"tag-actualites","9":"tag-eu","10":"tag-europe","11":"tag-international","12":"tag-news","13":"tag-royaume-uni","14":"tag-royaume-uni-de-grande-bretagne-et-dirlande-du-nord","15":"tag-uk","16":"tag-united-kingdom","17":"tag-united-kingdom-of-great-britain-and-northern-ireland"},"share_on_mastodon":{"url":"https:\/\/pubeurope.com\/@fr\/114973850432437587","error":""},"_links":{"self":[{"href":"https:\/\/www.europesays.com\/fr\/wp-json\/wp\/v2\/posts\/297089","targetHints":{"allow":["GET"]}}],"collection":[{"href":"https:\/\/www.europesays.com\/fr\/wp-json\/wp\/v2\/posts"}],"about":[{"href":"https:\/\/www.europesays.com\/fr\/wp-json\/wp\/v2\/types\/post"}],"author":[{"embeddable":true,"href":"https:\/\/www.europesays.com\/fr\/wp-json\/wp\/v2\/users\/2"}],"replies":[{"embeddable":true,"href":"https:\/\/www.europesays.com\/fr\/wp-json\/wp\/v2\/comments?post=297089"}],"version-history":[{"count":0,"href":"https:\/\/www.europesays.com\/fr\/wp-json\/wp\/v2\/posts\/297089\/revisions"}],"wp:featuredmedia":[{"embeddable":true,"href":"https:\/\/www.europesays.com\/fr\/wp-json\/wp\/v2\/media\/297090"}],"wp:attachment":[{"href":"https:\/\/www.europesays.com\/fr\/wp-json\/wp\/v2\/media?parent=297089"}],"wp:term":[{"taxonomy":"category","embeddable":true,"href":"https:\/\/www.europesays.com\/fr\/wp-json\/wp\/v2\/categories?post=297089"},{"taxonomy":"post_tag","embeddable":true,"href":"https:\/\/www.europesays.com\/fr\/wp-json\/wp\/v2\/tags?post=297089"}],"curies":[{"name":"wp","href":"https:\/\/api.w.org\/{rel}","templated":true}]}}