{"id":297094,"date":"2025-08-05T02:43:22","date_gmt":"2025-08-05T02:43:22","guid":{"rendered":"https:\/\/www.europesays.com\/fr\/297094\/"},"modified":"2025-08-05T02:43:22","modified_gmt":"2025-08-05T02:43:22","slug":"comment-la-propagande-pro-kremlin-a-exploite-la-fronde-contre-ursula-von-der-leyen","status":"publish","type":"post","link":"https:\/\/www.europesays.com\/fr\/297094\/","title":{"rendered":"Comment la propagande pro-Kremlin a exploit\u00e9 la fronde contre Ursula von der Leyen"},"content":{"rendered":"<p>Un rapport confidentiel r\u00e9v\u00e8le comment des r\u00e9seaux de d\u00e9sinformation pro-Kremlin ont intensifi\u00e9 leur activit\u00e9 en ligne \u00e0 l\u2019approche du vote de la motion de censure visant Ursula von der Leyen, exploitant l\u2019\u00e9v\u00e9nement pour amplifier un r\u00e9cit hostile \u00e0 l\u2019Union europ\u00e9enne.<\/p>\n<p>Un sauvetage attendu. Menac\u00e9e par une motion de censure, le 10 juillet dernier, Ursula von der Leyen a conserv\u00e9 son fauteuil \u00e0 la t\u00eate de la Commission europ\u00e9enne gr\u00e2ce \u00e0\u00a0<a href=\"https:\/\/lessurligneurs.eu\/parlement-europeen-pourquoi-est-il-difficile-de-renverser-la-presidente-de-la-commission-europeenne\/\" rel=\"nofollow noopener\" target=\"_blank\">un large rejet<\/a> des d\u00e9put\u00e9s europ\u00e9ens au Parlement.\u00a0<\/p>\n<p>D\u00e9pos\u00e9e par <a href=\"https:\/\/www.europarl.europa.eu\/meps\/fr\/257115\/GHEORGHE_PIPEREA\/home\" rel=\"nofollow noopener\" target=\"_blank\">le d\u00e9put\u00e9 nationaliste roumain Gheorghe Piperea<\/a> (ECR), les signataires de la motion accusent Ursula von der Leyen d\u2019opacit\u00e9 dans <a href=\"https:\/\/www.euractiv.fr\/section\/politics\/news\/pfizergate-la-commission-a-laisse-disparaitre-les-sms-entre-ursula-von-der-leyen-et-albert-bourla\/\" rel=\"nofollow noopener\" target=\"_blank\">l\u2019affaire du \u00ab\u00a0Pfizergate<\/a>\u00ab\u00a0\u00a0 et pointaient une ing\u00e9rence suppos\u00e9e de l\u2019Union europ\u00e9enne dans l\u2019\u00e9lection pr\u00e9sidentielle roumaine, <a href=\"https:\/\/www.touteleurope.eu\/vie-politique-des-etats-membres\/roumanie-l-election-presidentielle-annulee-par-la-cour-constitutionnelle\/\" rel=\"nofollow noopener\" target=\"_blank\">annul\u00e9e en d\u00e9cembre 2024.<\/a><\/p>\n<p>Au sein de l\u2019h\u00e9micycle, la cheffe de l\u2019ex\u00e9cutif europ\u00e9en <a href=\"https:\/\/www.touteleurope.eu\/institutions\/ursula-von-der-leyen-echappe-a-une-motion-de-censure-du-parlement-europeen\/?utm_source=chatgpt.com\" rel=\"nofollow noopener\" target=\"_blank\">n\u2019a pas m\u00e2ch\u00e9 ses mots<\/a>, qualifiant les auteurs de la motion d\u2019\u00ab extr\u00e9mistes \u00bb. La pr\u00e9sidente a \u00e9galement accus\u00e9 Gheorghe Piperea et ses alli\u00e9s de servir les int\u00e9r\u00eats du Kremlin \u2014 une d\u00e9claration qui a vivement fait r\u00e9agir&#8230;\t\t\t\t\t\t\t<\/p>\n","protected":false},"excerpt":{"rendered":"Un rapport confidentiel r\u00e9v\u00e8le comment des r\u00e9seaux de d\u00e9sinformation pro-Kremlin ont intensifi\u00e9 leur activit\u00e9 en ligne \u00e0 l\u2019approche&hellip;\n","protected":false},"author":2,"featured_media":297095,"comment_status":"","ping_status":"","sticky":false,"template":"","format":"standard","meta":{"footnotes":""},"categories":[1586],"tags":[11,1777,674,1779,1011,27,12,25,1778,364],"class_list":{"0":"post-297094","1":"post","2":"type-post","3":"status-publish","4":"format-standard","5":"has-post-thumbnail","7":"category-europe","8":"tag-actualites","9":"tag-eu","10":"tag-europe","11":"tag-european-union","12":"tag-fr","13":"tag-france","14":"tag-news","15":"tag-republique-francaise","16":"tag-ue","17":"tag-union-europeenne"},"share_on_mastodon":{"url":"https:\/\/pubeurope.com\/@fr\/114973861750788189","error":""},"_links":{"self":[{"href":"https:\/\/www.europesays.com\/fr\/wp-json\/wp\/v2\/posts\/297094","targetHints":{"allow":["GET"]}}],"collection":[{"href":"https:\/\/www.europesays.com\/fr\/wp-json\/wp\/v2\/posts"}],"about":[{"href":"https:\/\/www.europesays.com\/fr\/wp-json\/wp\/v2\/types\/post"}],"author":[{"embeddable":true,"href":"https:\/\/www.europesays.com\/fr\/wp-json\/wp\/v2\/users\/2"}],"replies":[{"embeddable":true,"href":"https:\/\/www.europesays.com\/fr\/wp-json\/wp\/v2\/comments?post=297094"}],"version-history":[{"count":0,"href":"https:\/\/www.europesays.com\/fr\/wp-json\/wp\/v2\/posts\/297094\/revisions"}],"wp:featuredmedia":[{"embeddable":true,"href":"https:\/\/www.europesays.com\/fr\/wp-json\/wp\/v2\/media\/297095"}],"wp:attachment":[{"href":"https:\/\/www.europesays.com\/fr\/wp-json\/wp\/v2\/media?parent=297094"}],"wp:term":[{"taxonomy":"category","embeddable":true,"href":"https:\/\/www.europesays.com\/fr\/wp-json\/wp\/v2\/categories?post=297094"},{"taxonomy":"post_tag","embeddable":true,"href":"https:\/\/www.europesays.com\/fr\/wp-json\/wp\/v2\/tags?post=297094"}],"curies":[{"name":"wp","href":"https:\/\/api.w.org\/{rel}","templated":true}]}}