{"id":297099,"date":"2025-08-05T02:46:12","date_gmt":"2025-08-05T02:46:12","guid":{"rendered":"https:\/\/www.europesays.com\/fr\/297099\/"},"modified":"2025-08-05T02:46:12","modified_gmt":"2025-08-05T02:46:12","slug":"sarr-et-hifi-se-montrent-risacher-et-les-bleus-encore-en-rodage-les-tops-et-flops","status":"publish","type":"post","link":"https:\/\/www.europesays.com\/fr\/297099\/","title":{"rendered":"Sarr et Hifi se montrent, Risacher et les Bleus encore en rodage\u2026 Les tops et flops"},"content":{"rendered":"<p>Vainqueurs du Mont\u00e9n\u00e9gro lundi (81-75), \u00e0 Mouilleron-le-Captif, les Bleus disputaient leur premier match de pr\u00e9paration en vue de l\u2019EuroBasket (27 ao\u00fbt-14 sept.).<\/p>\n<p class=\"fig-paragraph\">TOPS<\/p>\n<p>Sarr, premi\u00e8re r\u00e9ussie<\/p>\n<p class=\"fig-paragraph\">Alex Sarr va bien, merci pour lui. Pour ses grands d\u00e9buts en Bleu, l\u2019int\u00e9rieur de Washington a tourn\u00e9 au super lundi, lors de\u00a0<a href=\"http:\/\/www.lefigaro.fr\/sports\/basket\/basket-pour-leur-premiere-sortie-de-l-ete-les-bleus-s-en-sortent-contre-le-montenegro-20250804\" data-fig-type=\"NewsFlash\" data-gtm-custom-categorie=\"navigation\" data-gtm-custom-action=\"crossclick\" data-gtm-custom-label=\"Contextuel\" data-gtm-event=\"customEventSPE\" data-fig-domain=\"LEFIGARO\" rel=\"nofollow noopener\" target=\"_blank\">la victoire des Bleus sur le Mont\u00e9n\u00e9gro (81-75)<\/a>, au Vend\u00e9space. Il s\u2019est tout de suite montr\u00e9 efficace lors de son premier passage, en sortie de banc, avant de monter en temp\u00e9rature par la suite. Le num\u00e9ro 2 de la Draft 2024 a aussi \u00e9t\u00e9 impactant sur le plan d\u00e9fensif. Tout bon. \u00abAlex \u00e9tait partout. Il a fait une entr\u00e9e incroyable pour son premier match avec nous. J\u2019esp\u00e8re qu\u2019il va continuer comme \u00e7a\u00bb,\u00a0<a href=\"http:\/\/www.lefigaro.fr\/sports\/basket\/basket-c-etait-notre-premier-match-de-preparation-c-etait-important-de-le-gagner-souligne-guerschon-yabusele-20250804\" data-fig-type=\"NewsFlash\" data-gtm-custom-categorie=\"navigation\" data-gtm-custom-action=\"crossclick\" data-gtm-custom-label=\"Contextuel\" data-gtm-event=\"customEventSPE\" data-fig-domain=\"LEFIGARO\" rel=\"nofollow noopener\" target=\"_blank\">a soulign\u00e9 Guerschon Yabusele<\/a>. 19 points pour lui.<\/p>\n<p class=\"fig-body-link\">\n            \u00c0 lire aussi<br \/>\n        <a class=\"fig-body-link__link\" href=\"http:\/\/www.lefigaro.fr\/sports\/basket\/basket-pour-leur-premiere-sortie-de-l-ete-les-bleus-s-en-sortent-contre-le-montenegro-20250804\" data-fig-type=\"NewsFlash\" data-gtm-custom-categorie=\"navigation\" data-gtm-custom-action=\"crossclick\" data-gtm-custom-label=\"Contextuel\" data-gtm-event=\"customEventSPE\" data-fig-domain=\"LEFIGARO\" rel=\"nofollow noopener\" target=\"_blank\">Basket\u00a0: pour leur premi\u00e8re sortie de l\u2019\u00e9t\u00e9, les Bleus s\u2019en sortent contre le Mont\u00e9n\u00e9gro<br \/>\n    <\/a>\n<\/p>\n<p>                                    <a class=\"fig-a11y-skip a11y-hidden\" href=\"#fig-a11y-skip-main-inarticle\"><br \/>\n        Passer la publicit\u00e9<br \/>\n    <\/a><\/p>\n<p>Hifi a fait du Hifi<\/p>\n<p class=\"fig-paragraph\">Certes, le Parisien a du d\u00e9chet, c\u2019est sa nature. Mais c\u2019est aussi un talent XXL. Il l\u2019a d\u00e9montr\u00e9 lundi soir avec ses 14 points, maintenant la France \u00e0 flot quand la machine offensive \u00e9tait en panne, notamment en seconde p\u00e9riode.<\/p>\n<p>La classe de Vucevic<\/p>\n<p class=\"fig-paragraph\">On ne d\u00e9couvre pas Nikola Vucevic, qui sort d\u2019une saison \u00e0 18,5 points et 10,1 rebonds avec les Bulls, en NBA. \u00c0 34 ans, le pivot mont\u00e9n\u00e9grin dispute sa derni\u00e8re campagne internationale. Mais il en a encore sous la semelle. La preuve avec une prestation de haut vol contre les Bleus lundi soir et 19 points \u00e0 mettre \u00e0 son cr\u00e9dit. Il en a fait voir de toutes les couleurs \u00e0 Vincent Poirier sous le cercle. La classe. Et le sang chaud aussi, on l\u2019a vu parlementer \u2013 en fran\u00e7ais bien \u00e9videmment \u2013 avec les arbitres, Freddy Fauthoux et Guerschon Yabusele apr\u00e8s avoir pris une technique.<\/p>\n<p class=\"fig-paragraph\">FLOPS<\/p>\n<p>Risacher en rodage\u2026<\/p>\n<p class=\"fig-paragraph\">Parmi les bonnes nouvelles du jour, on aurait pu citer l\u2019efficacit\u00e9 de Bilal Coulibaly (10 pts) ou le sang froid de Sylvain Francisco (7 pts). Zaccharie Risacher n\u2019entre pas dans cette cat\u00e9gorie. Le num\u00e9ro 1 de la Draft 2024 est apparu discret lundi soir, encore en rodage. Ce n\u2019est \u00e9videmment pas inqui\u00e9tant \u00e0 ce stade de la pr\u00e9paration. On a simplement h\u00e2te de le voir monter en puissance et montrer son vrai visage. D\u00e8s vendredi \u00e0 Pau, contre la Grande-Bretagne\u00a0?<\/p>\n<p>\u2026 Et les Bleus aussi<\/p>\n<p class=\"fig-paragraph\">Risacher n\u2019a pas \u00e9t\u00e9 le seul \u00e0 tourner au ralenti lundi soir. En fait, ce sont les Bleus dans leur ensemble qui ont manqu\u00e9 d\u2019automatismes et de r\u00e9flexes collectifs. Trop d\u2019oublis d\u00e9fensifs, pas assez de liant sur le plan offensif\u2026 \u00abSur un match comme aujourd\u2019hui, l\u2019important, c\u2019\u00e9tait la victoire. C\u2019\u00e9tait notre premier match de pr\u00e9paration, c\u2019\u00e9tait important de le gagner, \u00e0 la maison. \u00c7a fait plaisir de revoir le public fran\u00e7ais et de passer une soir\u00e9e comme \u00e7a, une bonne soir\u00e9e\u00bb, a comment\u00e9 Yabusele, soulignant l\u2019apport des jeunes, qui \u00abont le talent et le niveau pour \u00eatre l\u00e0. Ils nous ont pouss\u00e9s et ont \u00e9t\u00e9 durs\u00bb.<\/p>\n<p>                                    <a class=\"fig-a11y-skip a11y-hidden\" href=\"#fig-a11y-skip-main-inarticle_mtf\"><br \/>\n        Passer la publicit\u00e9<br \/>\n    <\/a><\/p>\n<p class=\"fig-paragraph\">Et d\u2019ajouter, au sujet des ambitions fran\u00e7aises \u00e0 l\u2019Euro\u00a0: \u00abForc\u00e9ment, la m\u00e9daille d\u2019or, ce sera compliqu\u00e9, on l\u2019a vu, il y aura de petites choses \u00e0 r\u00e9gler. C\u2019est le premier match mais on a fait quelques petites erreurs, on prend 28 points sur le troisi\u00e8me quart-temps&#8230; Ce ne sera pas facile, il faut rester ensemble, mais on a la m\u00eame ambition\u00bb.<\/p>\n","protected":false},"excerpt":{"rendered":"Vainqueurs du Mont\u00e9n\u00e9gro lundi (81-75), \u00e0 Mouilleron-le-Captif, les Bleus disputaient leur premier match de pr\u00e9paration en vue de&hellip;\n","protected":false},"author":2,"featured_media":297100,"comment_status":"","ping_status":"","sticky":false,"template":"","format":"standard","meta":{"footnotes":""},"categories":[4],"tags":[11,1464,1011,27,12,25],"class_list":{"0":"post-297099","1":"post","2":"type-post","3":"status-publish","4":"format-standard","5":"has-post-thumbnail","7":"category-france","8":"tag-actualites","9":"tag-basketball","10":"tag-fr","11":"tag-france","12":"tag-news","13":"tag-republique-francaise"},"share_on_mastodon":{"url":"https:\/\/pubeurope.com\/@fr\/114973873426174712","error":""},"_links":{"self":[{"href":"https:\/\/www.europesays.com\/fr\/wp-json\/wp\/v2\/posts\/297099","targetHints":{"allow":["GET"]}}],"collection":[{"href":"https:\/\/www.europesays.com\/fr\/wp-json\/wp\/v2\/posts"}],"about":[{"href":"https:\/\/www.europesays.com\/fr\/wp-json\/wp\/v2\/types\/post"}],"author":[{"embeddable":true,"href":"https:\/\/www.europesays.com\/fr\/wp-json\/wp\/v2\/users\/2"}],"replies":[{"embeddable":true,"href":"https:\/\/www.europesays.com\/fr\/wp-json\/wp\/v2\/comments?post=297099"}],"version-history":[{"count":0,"href":"https:\/\/www.europesays.com\/fr\/wp-json\/wp\/v2\/posts\/297099\/revisions"}],"wp:featuredmedia":[{"embeddable":true,"href":"https:\/\/www.europesays.com\/fr\/wp-json\/wp\/v2\/media\/297100"}],"wp:attachment":[{"href":"https:\/\/www.europesays.com\/fr\/wp-json\/wp\/v2\/media?parent=297099"}],"wp:term":[{"taxonomy":"category","embeddable":true,"href":"https:\/\/www.europesays.com\/fr\/wp-json\/wp\/v2\/categories?post=297099"},{"taxonomy":"post_tag","embeddable":true,"href":"https:\/\/www.europesays.com\/fr\/wp-json\/wp\/v2\/tags?post=297099"}],"curies":[{"name":"wp","href":"https:\/\/api.w.org\/{rel}","templated":true}]}}