{"id":297101,"date":"2025-08-05T02:49:10","date_gmt":"2025-08-05T02:49:10","guid":{"rendered":"https:\/\/www.europesays.com\/fr\/297101\/"},"modified":"2025-08-05T02:49:10","modified_gmt":"2025-08-05T02:49:10","slug":"une-surprise-se-prepare-a-mayol-annonce-bernard-lemaitre","status":"publish","type":"post","link":"https:\/\/www.europesays.com\/fr\/297101\/","title":{"rendered":"Une \u00ab\u00a0surprise\u00a0\u00bb se pr\u00e9pare \u00e0 Mayol annonce Bernard Lemaitre !"},"content":{"rendered":"<p>Toulon s\u2019appr\u00eate \u00e0 vivre ses soir\u00e9es de rugby autrement. Pour la saison 2025-2026, le stade Mayol change de dimension avec un nouveau dispositif lumi\u00e8re-son, \u00e0 la hauteur des standards internationaux.<\/p>\n<p>Co\u00fbt de l\u2019op\u00e9ration : cinq millions d\u2019euros.<\/p>\n<p>Le Rugby Club Toulonnais entend offrir \u00e0 ses supporters bien plus qu\u2019un simple match de Top 14.<\/p>\n<p>\u00c0 partir du 13 septembre, date de la r\u00e9ception de Castres en ouverture \u00e0 domicile, les fans du RCT d\u00e9couvriront une mise en sc\u00e8ne lumineuse et sonore in\u00e9dite. Un v\u00e9ritable show, pens\u00e9 pour \u00e9lectriser l\u2019ambiance du mythique stade Mayol.<\/p>\n<p><strong>Interrog\u00e9 sur les d\u00e9tails du spectacle \u00e0 venir, Bernard Lema\u00eetre pr\u00e9f\u00e8re m\u00e9nager l\u2019effet de surprise. Extrait :<\/strong><\/p>\n<p>\u00ab Un indice ? Non, c\u2019est une surprise \u00bb glisse malicieusement le pr\u00e9sident du club \u00e0 <a href=\"https:\/\/www.francebleu.fr\/sports\/rugby\/le-stade-mayol-veut-taper-dans-l-oeil-des-supporters-du-rct-avec-un-show-lumineux-6278440\" rel=\"nofollow noopener\" target=\"_blank\">ICI Provenc<\/a>e. Le ton est donn\u00e9.<\/p>\n<p>Pour r\u00e9pondre aux exigences de la Ligue nationale de rugby et du diffuseur Canal+, de lourds travaux ont \u00e9t\u00e9 men\u00e9s ces derni\u00e8res semaines. Trois m\u00e2ts de projecteurs ont d\u00e9j\u00e0 \u00e9t\u00e9 install\u00e9s, un quatri\u00e8me est en cours de finalisation.<\/p>\n<p>Mais la ville de Toulon, propri\u00e9taire du stade, a vu plus grand : il ne s\u2019agira pas simplement d\u2019\u00e9clairer un terrain, mais de cr\u00e9er une v\u00e9ritable exp\u00e9rience immersive.<\/p>\n<p><strong>C\u2019est ce que promet Emmanuel B\u00e9nech, concepteur lumi\u00e8re du projet, avec un dispositif digne des plus grandes sc\u00e8nes. Extrait :<\/strong><\/p>\n<p>\u00ab Avec 54 projecteurs en couleur pour l\u2019ambiance, pendant le match, avant le match, \u00e0 la mi-temps et \u00e0 la fin de la rencontre, on va repr\u00e9senter diff\u00e9rents shows.\u00a0Avant, on avait des projecteurs qui mettaient six \u00e0 huit minutes pour \u00e9clairer \u00e0 100 %. Aujourd\u2019hui, avec l\u2019\u00e9clairage LED, c\u2019est un \u00e9clairage dynamique qui r\u00e9pond au milli\u00e8me de seconde. On peut vraiment faire des animations comme on voit sur sc\u00e8ne avec un artiste. Sauf que l\u00e0, on sera sur un stade de rugby avec un joueur \u00bb.<\/p>\n<p><strong>Un d\u00e9fi technique aussi complexe qu\u2019ambitieux, souligne l\u2019architecte en charge du chantier, Thibault Wirz. Extrait :<\/strong><\/p>\n<p>\u00ab Il a fallu tendre des c\u00e2bles qui vont contraindre les poutres pour qu\u2019elles supportent la charge suppl\u00e9mentaire \u00bb<\/p>\n<p>La structure du stade, ancienne et sans plans pr\u00e9cis, a exig\u00e9 des ajustements complexes pour accueillir les quatre tonnes de mat\u00e9riel sous chaque toiture.<\/p>\n<p>\u00ab Ici c\u2019est Toulon \u00bb, et d\u00e9sormais, \u00e7a brillera encore plus fort.<\/p>\n","protected":false},"excerpt":{"rendered":"Toulon s\u2019appr\u00eate \u00e0 vivre ses soir\u00e9es de rugby autrement. Pour la saison 2025-2026, le stade Mayol change de&hellip;\n","protected":false},"author":2,"featured_media":297102,"comment_status":"","ping_status":"","sticky":false,"template":"","format":"standard","meta":{"footnotes":""},"categories":[1416],"tags":[1011,27,479,1468,60],"class_list":{"0":"post-297101","1":"post","2":"type-post","3":"status-publish","4":"format-standard","5":"has-post-thumbnail","7":"category-rugby","8":"tag-fr","9":"tag-france","10":"tag-rugby","11":"tag-rugby-football","12":"tag-sports"},"share_on_mastodon":{"url":"https:\/\/pubeurope.com\/@fr\/114973885315631439","error":""},"_links":{"self":[{"href":"https:\/\/www.europesays.com\/fr\/wp-json\/wp\/v2\/posts\/297101","targetHints":{"allow":["GET"]}}],"collection":[{"href":"https:\/\/www.europesays.com\/fr\/wp-json\/wp\/v2\/posts"}],"about":[{"href":"https:\/\/www.europesays.com\/fr\/wp-json\/wp\/v2\/types\/post"}],"author":[{"embeddable":true,"href":"https:\/\/www.europesays.com\/fr\/wp-json\/wp\/v2\/users\/2"}],"replies":[{"embeddable":true,"href":"https:\/\/www.europesays.com\/fr\/wp-json\/wp\/v2\/comments?post=297101"}],"version-history":[{"count":0,"href":"https:\/\/www.europesays.com\/fr\/wp-json\/wp\/v2\/posts\/297101\/revisions"}],"wp:featuredmedia":[{"embeddable":true,"href":"https:\/\/www.europesays.com\/fr\/wp-json\/wp\/v2\/media\/297102"}],"wp:attachment":[{"href":"https:\/\/www.europesays.com\/fr\/wp-json\/wp\/v2\/media?parent=297101"}],"wp:term":[{"taxonomy":"category","embeddable":true,"href":"https:\/\/www.europesays.com\/fr\/wp-json\/wp\/v2\/categories?post=297101"},{"taxonomy":"post_tag","embeddable":true,"href":"https:\/\/www.europesays.com\/fr\/wp-json\/wp\/v2\/tags?post=297101"}],"curies":[{"name":"wp","href":"https:\/\/api.w.org\/{rel}","templated":true}]}}