{"id":297103,"date":"2025-08-05T02:50:12","date_gmt":"2025-08-05T02:50:12","guid":{"rendered":"https:\/\/www.europesays.com\/fr\/297103\/"},"modified":"2025-08-05T02:50:12","modified_gmt":"2025-08-05T02:50:12","slug":"atp-toronto-andrea-petkovic-sur-les-balles-de-tennis-utilisees-lors-des-tournois-au-canada-on-passe-de-la-plus-lourde-a-la-plus-legere-en-quelques-jours-seulement","status":"publish","type":"post","link":"https:\/\/www.europesays.com\/fr\/297103\/","title":{"rendered":"ATP &#8211; Toronto > Andrea Petkovic, sur les balles de tennis utilis\u00e9es lors des tournois au Canada : \u00ab\u00a0On passe de la plus lourde \u00e0 la plus l\u00e9g\u00e8re en quelques jours seulement\u00a0\u00bb"},"content":{"rendered":"<p>L\u2019ancienne joueuse de tennis alle\u00admande, Andrea Petkovic, fait rare\u00adment dans la dentelle lors\u00adqu\u2019elle s\u2019exprime.<\/p>\n<p>Une fois de plus, l\u2019Allemande ne d\u00e9roge pas \u00e0 la r\u00e8gle. Dans des propos relay\u00e9s par <a href=\"https:\/\/tennisuptodate.com\/atp\/its-a-fickle-little-monster-andrea-petkovic-explains-unforced-errors-and-double-faults-at-canadian-open?twit=472\" data-wpel-link=\"external\" target=\"_blank\" rel=\"nofollow external noopener\">Tennis Up To Date<\/a>, la direc\u00adtrice du tournoi de Berlin est revenue sur les condi\u00adtions de jeu cana\u00addiennes, et notam\u00adment sur les balles utili\u00ads\u00e9es lors des tour\u00adnois au Canada, qui expli\u00adque\u00adraient les nombreuses doubles fautes et fautes directes obser\u00adv\u00e9es depuis le d\u00e9but des comp\u00e9titions\u00a0:<\/p>\n<p><strong>\u00ab\u202fSi vous vous demandez pour\u00adquoi certains matchs n\u2019ont pas \u00e9t\u00e9 \u00e0 la hauteur en termes de qualit\u00e9, notam\u00adment lors des premiers tours \u2013 on a vu une avalanche de doubles fautes, un d\u00e9luge de fautes directes \u2013 eh bien, ce que repr\u00e9\u00adsente le chan\u00adge\u00adment de surface entre la terre battue et le gazon, c\u2019est ce que repr\u00e9\u00adsente le passage de la balle Slazenger \u00e0 la balle Wilson. On passe de la plus lourde \u00e0 la plus l\u00e9g\u00e8re en quelques jours seule\u00adment, et en plus, alors que la balle Slazenger gonfle avec le jeu, la Wilson (sauf en cas d\u2019humidit\u00e9 tr\u00e8s \u00e9lev\u00e9e) devient presque chauve. Donc, alors qu\u2019on avait un contr\u00f4le total sur la trajec\u00adtoire des frappes avec la Slazenger \u2013 quitte \u00e0 baisser la tension des cordages pour garder de la profon\u00addeur face aux meilleurs du monde, on peine d\u00e9sor\u00admais \u00e0 garder le contr\u00f4le de son service, de ses coups de fond de court et, bien s\u00fbr, de sa sant\u00e9 mentale.\u202f\u00bb<\/strong><\/p>\n<p>Un des faits marquants de la semaine, qui t\u00e9moigne de la col\u00e8re de l\u2019Allemande concer\u00adnant la qualit\u00e9 des balles utili\u00ads\u00e9es au Canada, est le match o\u00f9 l\u2019Am\u00e9ricaine Coco Gauff a r\u00e9alis\u00e9 l\u2019ex\u00adploit de commettre 23 doubles fautes face \u00e0 Danielle Collins.<\/p>\n<p class=\"post-published-date\" style=\"color: silver; font-size: 75%; text-align: left;\">Publi\u00e9 le lundi 4 ao\u00fbt 2025 \u00e0 16:55<\/p>\n","protected":false},"excerpt":{"rendered":"L\u2019ancienne joueuse de tennis alle\u00admande, Andrea Petkovic, fait rare\u00adment dans la dentelle lors\u00adqu\u2019elle s\u2019exprime. Une fois de plus,&hellip;\n","protected":false},"author":2,"featured_media":73432,"comment_status":"","ping_status":"","sticky":false,"template":"","format":"standard","meta":{"footnotes":""},"categories":[1415],"tags":[1011,27,60,1467],"class_list":{"0":"post-297103","1":"post","2":"type-post","3":"status-publish","4":"format-standard","5":"has-post-thumbnail","7":"category-tennis","8":"tag-fr","9":"tag-france","10":"tag-sports","11":"tag-tennis"},"share_on_mastodon":{"url":"https:\/\/pubeurope.com\/@fr\/114973889181473080","error":""},"_links":{"self":[{"href":"https:\/\/www.europesays.com\/fr\/wp-json\/wp\/v2\/posts\/297103","targetHints":{"allow":["GET"]}}],"collection":[{"href":"https:\/\/www.europesays.com\/fr\/wp-json\/wp\/v2\/posts"}],"about":[{"href":"https:\/\/www.europesays.com\/fr\/wp-json\/wp\/v2\/types\/post"}],"author":[{"embeddable":true,"href":"https:\/\/www.europesays.com\/fr\/wp-json\/wp\/v2\/users\/2"}],"replies":[{"embeddable":true,"href":"https:\/\/www.europesays.com\/fr\/wp-json\/wp\/v2\/comments?post=297103"}],"version-history":[{"count":0,"href":"https:\/\/www.europesays.com\/fr\/wp-json\/wp\/v2\/posts\/297103\/revisions"}],"wp:featuredmedia":[{"embeddable":true,"href":"https:\/\/www.europesays.com\/fr\/wp-json\/wp\/v2\/media\/73432"}],"wp:attachment":[{"href":"https:\/\/www.europesays.com\/fr\/wp-json\/wp\/v2\/media?parent=297103"}],"wp:term":[{"taxonomy":"category","embeddable":true,"href":"https:\/\/www.europesays.com\/fr\/wp-json\/wp\/v2\/categories?post=297103"},{"taxonomy":"post_tag","embeddable":true,"href":"https:\/\/www.europesays.com\/fr\/wp-json\/wp\/v2\/tags?post=297103"}],"curies":[{"name":"wp","href":"https:\/\/api.w.org\/{rel}","templated":true}]}}