{"id":297104,"date":"2025-08-05T02:52:19","date_gmt":"2025-08-05T02:52:19","guid":{"rendered":"https:\/\/www.europesays.com\/fr\/297104\/"},"modified":"2025-08-05T02:52:19","modified_gmt":"2025-08-05T02:52:19","slug":"motogp-22-courses-au-calendrier-2026-avec-le-retour-du-bresil","status":"publish","type":"post","link":"https:\/\/www.europesays.com\/fr\/297104\/","title":{"rendered":"MotoGP\u00a0: 22 courses au calendrier 2026 avec le retour du Br\u00e9sil"},"content":{"rendered":"<p class=\"paragraph text_align_left lp-f-body-02\">Le calendrier du Championnat du monde MotoGP 2026 comprendra comme cette ann\u00e9e 22 courses avec le d\u00e9part de l\u2019Argentine mais l\u2019arriv\u00e9e du Br\u00e9sil, a annonc\u00e9 le promoteur jeudi.<\/p>\n<p class=\"paragraph text_align_left lp-f-body-02\">La saison d\u00e9butera avec le GP de Tha\u00eflande du 27 f\u00e9vrier au 1er mars et se terminera avec celui de Valence, qui la cl\u00f4ture traditionnellement la saison, du 20 au 22 novembre.<\/p>\n<p class=\"paragraph text_align_left lp-f-body-02\">Si l\u2019Argentine disparait, elle est remplac\u00e9e par le Br\u00e9sil du 20 au 22 mars sur le circuit Ayrton Senna de Goi\u00e2na qui avait d\u00e9j\u00e0 accueilli le MotoGP de 1987 \u00e0 1989.<\/p>\n<p class=\"paragraph text_align_left lp-f-body-02\">Le GP d\u2019Argentine devrait toutefois faire son retour au calendrier MotoGP une fois un nouveau circuit termin\u00e9 pr\u00e8s de la capitale Buenos Aires et qui remplacera celui de Termas de Rio Hondo o\u00f9 une course a eu lieu en mars cette saison.<\/p>\n<p class=\"paragraph text_align_left lp-f-body-02\">Le <a href=\"https:\/\/www.leparisien.fr\/sports\/motogp-johann-zarco-remporte-le-gp-de-france-une-premiere-pour-un-francais-depuis-1954-11-05-2025-YMBEXP4H6ZALBBOKXS5B3MBBF4.php#:~:text=%C3%80%2034%20ans%2C%20Johann%20Zarco,GP%20national%20en%20cat%C3%A9gorie%20reine.\" target=\"_blank\" rel=\"noreferrer nofollow noopener\">GP de France<\/a> aura lieu du 8 au 10 mai sur le circuit Bugatti au Mans.<\/p>\n<p class=\"paragraph text_align_left lp-f-body-02\"><b>Calendrier du Championnat du monde de vitesse moto MotoGP 2026:<\/b><\/p>\n<p class=\"paragraph text_align_left lp-f-body-02\">1. Tha\u00eflande, Buriram &#8211; 1er mars<\/p>\n<p class=\"paragraph text_align_left lp-f-body-02\">2. Br\u00e9sil, Goi\u00e2na &#8211; 22 mars<\/p>\n<p class=\"paragraph text_align_left lp-f-body-02\">3. Am\u00e9riques, Austin (Etats-Unis)- 29 mars<\/p>\n<p class=\"paragraph text_align_left lp-f-body-02\">4. Qatar, Losail &#8211; 12 avril<\/p>\n<p class=\"paragraph text_align_left lp-f-body-02\">5. Espagne, Jerez &#8211; 26 avril<\/p>\n<p class=\"paragraph text_align_left lp-f-body-02\"><b>6. France, Le Mans &#8211; 10 mai<\/b><\/p>\n<p class=\"paragraph text_align_left lp-f-body-02\">7. Catalogne, Barcelone &#8211; 17 mai<\/p>\n<p class=\"paragraph text_align_left lp-f-body-02\">8. Italie, Mugello &#8211; 31 mai<\/p>\n<p class=\"paragraph text_align_left lp-f-body-02\">9. Hongrie, Balaton &#8211; 7 juin<\/p>\n<p class=\"paragraph text_align_left lp-f-body-02\">10.R\u00e9publique tch\u00e8que, Brno &#8211; 21 juin<\/p>\n<p class=\"paragraph text_align_left lp-f-body-02\">11. Pays-Bas, Assen &#8211; 28 juin<\/p>\n<p class=\"paragraph text_align_left lp-f-body-02\">12.Allemagne, Sachsenring &#8211; 12 juillet<\/p>\n<p class=\"paragraph text_align_left lp-f-body-02\">13.Grande-Bretagne, Silverstone &#8211; 9 ao\u00fbt<\/p>\n<p class=\"paragraph text_align_left lp-f-body-02\">14.Aragon, Motorland &#8211; 30 ao\u00fbt<\/p>\n<p class=\"paragraph text_align_left lp-f-body-02\">15.Saint-Marin, Misano (Italie) &#8211; 13 septembre<\/p>\n<p class=\"paragraph text_align_left lp-f-body-02\">16.Autriche, Spielberg &#8211; 20 septembre<\/p>\n<p class=\"paragraph text_align_left lp-f-body-02\">17.Japon, Motegi &#8211; 4 octobre<\/p>\n<p class=\"paragraph text_align_left lp-f-body-02\">18.Indon\u00e9sie, Mandalika &#8211; 11 octobre<\/p>\n<p class=\"paragraph text_align_left lp-f-body-02\">19.Australie, Phillip Island &#8211; 25 octobre<\/p>\n<p class=\"paragraph text_align_left lp-f-body-02\">20.Malaisie, Sepang &#8211; 1er novembre<\/p>\n<p class=\"paragraph text_align_left lp-f-body-02\">21.Portugal, Algarve &#8211; 15 novembre<\/p>\n<p class=\"paragraph text_align_left lp-f-body-02\">22.Valence, Espagne &#8211; 22 novembre<\/p>\n","protected":false},"excerpt":{"rendered":"Le calendrier du Championnat du monde MotoGP 2026 comprendra comme cette ann\u00e9e 22 courses avec le d\u00e9part de&hellip;\n","protected":false},"author":2,"featured_media":297105,"comment_status":"","ping_status":"","sticky":false,"template":"","format":"standard","meta":{"footnotes":""},"categories":[1413],"tags":[1011,27,1457,1456,60],"class_list":{"0":"post-297104","1":"post","2":"type-post","3":"status-publish","4":"format-standard","5":"has-post-thumbnail","7":"category-moto","8":"tag-fr","9":"tag-france","10":"tag-moto","11":"tag-motocycle","12":"tag-sports"},"share_on_mastodon":{"url":"https:\/\/pubeurope.com\/@fr\/114973897147420063","error":""},"_links":{"self":[{"href":"https:\/\/www.europesays.com\/fr\/wp-json\/wp\/v2\/posts\/297104","targetHints":{"allow":["GET"]}}],"collection":[{"href":"https:\/\/www.europesays.com\/fr\/wp-json\/wp\/v2\/posts"}],"about":[{"href":"https:\/\/www.europesays.com\/fr\/wp-json\/wp\/v2\/types\/post"}],"author":[{"embeddable":true,"href":"https:\/\/www.europesays.com\/fr\/wp-json\/wp\/v2\/users\/2"}],"replies":[{"embeddable":true,"href":"https:\/\/www.europesays.com\/fr\/wp-json\/wp\/v2\/comments?post=297104"}],"version-history":[{"count":0,"href":"https:\/\/www.europesays.com\/fr\/wp-json\/wp\/v2\/posts\/297104\/revisions"}],"wp:featuredmedia":[{"embeddable":true,"href":"https:\/\/www.europesays.com\/fr\/wp-json\/wp\/v2\/media\/297105"}],"wp:attachment":[{"href":"https:\/\/www.europesays.com\/fr\/wp-json\/wp\/v2\/media?parent=297104"}],"wp:term":[{"taxonomy":"category","embeddable":true,"href":"https:\/\/www.europesays.com\/fr\/wp-json\/wp\/v2\/categories?post=297104"},{"taxonomy":"post_tag","embeddable":true,"href":"https:\/\/www.europesays.com\/fr\/wp-json\/wp\/v2\/tags?post=297104"}],"curies":[{"name":"wp","href":"https:\/\/api.w.org\/{rel}","templated":true}]}}