{"id":297108,"date":"2025-08-05T02:54:11","date_gmt":"2025-08-05T02:54:11","guid":{"rendered":"https:\/\/www.europesays.com\/fr\/297108\/"},"modified":"2025-08-05T02:54:11","modified_gmt":"2025-08-05T02:54:11","slug":"apres-le-tour-de-france-femmes-titia-ryo-et-maurene-tregouet-declarent-forfait-pour-les-championnats-de-france-de-lavenir","status":"publish","type":"post","link":"https:\/\/www.europesays.com\/fr\/297108\/","title":{"rendered":"Apr\u00e8s le Tour de France femmes, Titia Ryo et Maur\u00e8ne Tr\u00e9gou\u00ebt d\u00e9clarent forfait pour les championnats de France de l\u2019Avenir"},"content":{"rendered":"<p>Championnat de France de l\u2019Avenir, du 6 au 10 ao\u00fbt \u00e0 La Tour-du-Pin (Is\u00e8re)<\/p>\n<p>Coup dur pour la s\u00e9lection Bretagne espoirs ! Les professionnelles <a href=\"https:\/\/www.letelegramme.fr\/sports\/cyclisme\/ravito-140-la-folle-semaine-de-la-bretonne-titia-ryo-sur-le-tour-de-france-femmes-video-6865442.php\" target=\"_blank\" rel=\"noopener\">Titia Ryo<\/a> et Maur\u00e8ne Tr\u00e9gou\u00ebt ne seront pas au d\u00e9part du championnat de France de l\u2019Avenir, samedi (d\u00e9part \u00e0 9 h). Les coureuses d\u2019<a href=\"https:\/\/www.letelegramme.fr\/sports\/cyclisme\/fortuneo-vital-concept\/\" target=\"_blank\" rel=\"noopener\">Ark\u00e9a-B &amp; B Hotels<\/a> viennent de terminer, respectivement \u00e0 la 26e et \u00e0 la 122e place, et ont d\u00e9clar\u00e9 forfait.<\/p>\n<p>La premi\u00e8re, deuxi\u00e8me du maillot blanc, \u00e9tait consid\u00e9r\u00e9e comme la leader de l\u2019\u00e9quipe de Bretagne U23. Cette derni\u00e8re ne sera donc compos\u00e9e que d\u2019une coureuse professionnelle (Lise M\u00e9nage, qui fera sa reprise) et de huit amateures (Enora Aveline, No\u00e9mie Daumas, Aur\u00e9lie De Guerdavid, Jos\u00e9phine Denieul, Ambre Jouault, Ilona Rouat, He\u00efdi Gaugain et Aurore Pernollet).<\/p>\n","protected":false},"excerpt":{"rendered":"Championnat de France de l\u2019Avenir, du 6 au 10 ao\u00fbt \u00e0 La Tour-du-Pin (Is\u00e8re) Coup dur pour la&hellip;\n","protected":false},"author":2,"featured_media":297109,"comment_status":"","ping_status":"","sticky":false,"template":"","format":"standard","meta":{"footnotes":""},"categories":[1411],"tags":[34378,1154,207,11097,3166,5127,1011,27,60],"class_list":{"0":"post-297108","1":"post","2":"type-post","3":"status-publish","4":"format-standard","5":"has-post-thumbnail","7":"category-cyclisme","8":"tag-arkea-bb-hotels","9":"tag-cycling","10":"tag-cyclisme","11":"tag-cyclisme-feminin","12":"tag-en-continu-sports","13":"tag-fouesnant","14":"tag-fr","15":"tag-france","16":"tag-sports"},"share_on_mastodon":{"url":"https:\/\/pubeurope.com\/@fr\/114973904921912645","error":""},"_links":{"self":[{"href":"https:\/\/www.europesays.com\/fr\/wp-json\/wp\/v2\/posts\/297108","targetHints":{"allow":["GET"]}}],"collection":[{"href":"https:\/\/www.europesays.com\/fr\/wp-json\/wp\/v2\/posts"}],"about":[{"href":"https:\/\/www.europesays.com\/fr\/wp-json\/wp\/v2\/types\/post"}],"author":[{"embeddable":true,"href":"https:\/\/www.europesays.com\/fr\/wp-json\/wp\/v2\/users\/2"}],"replies":[{"embeddable":true,"href":"https:\/\/www.europesays.com\/fr\/wp-json\/wp\/v2\/comments?post=297108"}],"version-history":[{"count":0,"href":"https:\/\/www.europesays.com\/fr\/wp-json\/wp\/v2\/posts\/297108\/revisions"}],"wp:featuredmedia":[{"embeddable":true,"href":"https:\/\/www.europesays.com\/fr\/wp-json\/wp\/v2\/media\/297109"}],"wp:attachment":[{"href":"https:\/\/www.europesays.com\/fr\/wp-json\/wp\/v2\/media?parent=297108"}],"wp:term":[{"taxonomy":"category","embeddable":true,"href":"https:\/\/www.europesays.com\/fr\/wp-json\/wp\/v2\/categories?post=297108"},{"taxonomy":"post_tag","embeddable":true,"href":"https:\/\/www.europesays.com\/fr\/wp-json\/wp\/v2\/tags?post=297108"}],"curies":[{"name":"wp","href":"https:\/\/api.w.org\/{rel}","templated":true}]}}