{"id":297114,"date":"2025-08-05T02:57:16","date_gmt":"2025-08-05T02:57:16","guid":{"rendered":"https:\/\/www.europesays.com\/fr\/297114\/"},"modified":"2025-08-05T02:57:16","modified_gmt":"2025-08-05T02:57:16","slug":"arboriste-elagueur-philippe-expose-ses-oeuvres-sculptees-a-la-tronconneuse","status":"publish","type":"post","link":"https:\/\/www.europesays.com\/fr\/297114\/","title":{"rendered":"Arboriste \u00e9lagueur, Philippe expose ses \u0153uvres sculpt\u00e9es \u00e0 la tron\u00e7onneuse"},"content":{"rendered":"<p>            Par<br \/>\n        <strong><br \/>\n            <a href=\"https:\/\/actu.fr\/auteur\/journaliste-pr\" title=\"Consulter tous les articles de R\u00e9daction Domfront\" rel=\"nofollow noopener\" target=\"_blank\">R\u00e9daction Domfront<\/a><br \/>\n        <\/strong><\/p>\n<p>        Publi\u00e9 le<\/p>\n<p>            4 ao\u00fbt 2025 \u00e0 11h07        <\/p>\n<p><b>Arboriste \u00e9lagueur<\/b> certifi\u00e9, <b>Philippe El Roueilly<\/b> expose ses <b>\u0153uvres <\/b>sculpt\u00e9es \u00e0 la <b>tron\u00e7onneuse<\/b> dans l\u2019ancien bar Provost, avec l\u2019aide de <b>Charly Foisneau<\/b>, responsable des services techniques de<a href=\"https:\/\/actu.fr\/normandie\/ceauce_61075\" rel=\"nofollow noopener\" target=\"_blank\"> Ceauc\u00e9 (Orne) <\/a>qui souhaitait donner vie \u00e0 cette vitrine un peu trop d\u00e9nud\u00e9e.<\/p>\n<p>Recherche un site<\/p>\n<p class=\" wall-content\">L\u2019<b>artisan<\/b> recherche activement \u00e0 s\u2019installer dans le village qu\u2019il d\u00e9crit comme \u00e9tant \u00ab agr\u00e9able, on s\u2019y sent bien, il y a toutes les commodit\u00e9s \u00bb, une maison pour abriter sa famille, un terrain d\u2019environ un hectare et un b\u00e2timent pour installer ses machines \u00ab un peu isol\u00e9s du village, les machines sont bruyantes, il ne faut pas d\u00e9ranger les voisins \u00bb.<\/p>\n<p class=\" wall-content\">Aujourd\u2019hui, install\u00e9 depuis sept ans sur la route de Cign\u00e9, Philippe El Rouelly a une client\u00e8le situ\u00e9e en<a href=\"https:\/\/actu.fr\/pays-de-la-loire\/mayenne_53\" rel=\"nofollow noopener\" target=\"_blank\"> Mayenne <\/a>majoritairement, beaucoup de clients viennent \u00e9galement de Ceauc\u00e9 et il souhaiterait donc exercer dans l\u2019Orne.<\/p>\n<blockquote class=\"ac-article-quote wall-content\">\n<p>J\u2019ai un dipl\u00f4me d\u2019arboriste et je forme des jeunes en apprentissage ainsi que des personnes en reconversion, on les nomme des r\u00e9gions.<\/p>\n<p>Philippe El Roueill, arboriste \u00e9lagueur et artiste\u00a0<\/p><\/blockquote>\n<p>    <img   decoding=\"async\" loading=\"lazy\" class=\"size-large\" src=\"https:\/\/www.europesays.com\/fr\/wp-content\/uploads\/2025\/08\/de5ec79e56886c26ec79e5688966ecv-960x640.jpg\" alt=\"Sulpture ours\" width=\"960\" height=\"640\"\/><br \/>\n    Sculpture d\u2019un ours. \u00a9Le Publicateur LibreVid\u00e9os : en ce moment sur ActuUne seconde passion<\/p>\n<p class=\" wall-content\">Sa seconde passion, la <b>sculpture<\/b> lui est venue lorsqu\u2019\u00e0 la demande de son fils qui souhaitait un champignon il l\u2019a r\u00e9alis\u00e9. Est-ce que la baguette magique de la nature exaucera \u00e0 son tour le v\u0153u du papa.<\/p>\n<p>Contact : Philippe El Roueilly, Arbre et Passion, 06.59.47.27.30.<\/p>\n<p class=\" wall-content\">Suivez toute l\u2019actualit\u00e9 de vos villes et m\u00e9dias favoris en vous inscrivant \u00e0 <a href=\"https:\/\/moncompte.actu.fr\" title=\"D\u00e9couvez Mon Actu\" rel=\"nofollow noopener\" data-trk=\"{&quot;cta&quot;:{&quot;action&quot;:&quot;https:\\\/\\\/moncompte.actu.fr&quot;,&quot;category&quot;:&quot;mon compte&quot;,&quot;from&quot;:&quot;article footer&quot;,&quot;name&quot;:&quot;Mon actu&quot;,&quot;type&quot;:&quot;cta&quot;}}\" target=\"_blank\">Mon Actu<\/a>.<\/p>\n","protected":false},"excerpt":{"rendered":"Par R\u00e9daction Domfront Publi\u00e9 le 4 ao\u00fbt 2025 \u00e0 11h07 Arboriste \u00e9lagueur certifi\u00e9, Philippe El Roueilly expose ses&hellip;\n","protected":false},"author":2,"featured_media":297115,"comment_status":"","ping_status":"","sticky":false,"template":"","format":"standard","meta":{"footnotes":""},"categories":[1358],"tags":[1477,1348,1384,1385,1386,58,59,1011,27,104],"class_list":{"0":"post-297114","1":"post","2":"type-post","3":"status-publish","4":"format-standard","5":"has-post-thumbnail","7":"category-arts-et-design","8":"tag-artisanat","9":"tag-arts","10":"tag-arts-and-design","11":"tag-arts-et-design","12":"tag-design","13":"tag-divertissement","14":"tag-entertainment","15":"tag-fr","16":"tag-france","17":"tag-societe"},"share_on_mastodon":{"url":"https:\/\/pubeurope.com\/@fr\/114973916848551025","error":""},"_links":{"self":[{"href":"https:\/\/www.europesays.com\/fr\/wp-json\/wp\/v2\/posts\/297114","targetHints":{"allow":["GET"]}}],"collection":[{"href":"https:\/\/www.europesays.com\/fr\/wp-json\/wp\/v2\/posts"}],"about":[{"href":"https:\/\/www.europesays.com\/fr\/wp-json\/wp\/v2\/types\/post"}],"author":[{"embeddable":true,"href":"https:\/\/www.europesays.com\/fr\/wp-json\/wp\/v2\/users\/2"}],"replies":[{"embeddable":true,"href":"https:\/\/www.europesays.com\/fr\/wp-json\/wp\/v2\/comments?post=297114"}],"version-history":[{"count":0,"href":"https:\/\/www.europesays.com\/fr\/wp-json\/wp\/v2\/posts\/297114\/revisions"}],"wp:featuredmedia":[{"embeddable":true,"href":"https:\/\/www.europesays.com\/fr\/wp-json\/wp\/v2\/media\/297115"}],"wp:attachment":[{"href":"https:\/\/www.europesays.com\/fr\/wp-json\/wp\/v2\/media?parent=297114"}],"wp:term":[{"taxonomy":"category","embeddable":true,"href":"https:\/\/www.europesays.com\/fr\/wp-json\/wp\/v2\/categories?post=297114"},{"taxonomy":"post_tag","embeddable":true,"href":"https:\/\/www.europesays.com\/fr\/wp-json\/wp\/v2\/tags?post=297114"}],"curies":[{"name":"wp","href":"https:\/\/api.w.org\/{rel}","templated":true}]}}