{"id":297116,"date":"2025-08-05T02:58:10","date_gmt":"2025-08-05T02:58:10","guid":{"rendered":"https:\/\/www.europesays.com\/fr\/297116\/"},"modified":"2025-08-05T02:58:10","modified_gmt":"2025-08-05T02:58:10","slug":"le-service-de-pret-de-livres-biblius-franchit-le-cap-des-3-millions-demprunts","status":"publish","type":"post","link":"https:\/\/www.europesays.com\/fr\/297116\/","title":{"rendered":"Le service de pr\u00eat de livres Biblius franchit le cap des 3 millions d&#8217;emprunts"},"content":{"rendered":"<p><strong>Trois millions de livres emprunt\u00e9s, au bas mot: lanc\u00e9 en 2019, le service Biblius, une biblioth\u00e8que scolaire num\u00e9rique destin\u00e9e aux \u00e9tablissements du Qu\u00e9bec, vient de franchir un cap important, \u00e0 peine six ans apr\u00e8s son lancement.<\/strong><\/p>\n<p>Au bout du fil, Chlo\u00e9 Baril, la directrice g\u00e9n\u00e9rale de Bibliopresto, qui englobe Biblius, se dit bien heureuse de constater cet engouement. \u00ab\u00a0Le service a \u00e9t\u00e9 lanc\u00e9 en 2019, puis est arriv\u00e9 quelque chose, en 2020, qui a forc\u00e9 les enfants \u00e0 se retrouver chez eux, et rendait donc particuli\u00e8rement n\u00e9cessaire le fait d\u2019avoir acc\u00e8s \u00e0 une biblioth\u00e8que num\u00e9rique \u00e0 distance\u00a0\u00bb, mentionne-t-elle.<\/p>\n<p>\u00ab\u00a0Biblius a d\u2019abord eu cet esp\u00e8ce de coup d\u2019acc\u00e9l\u00e9rateur non pr\u00e9vu; il y avait plusieurs volets \u00e0 d\u00e9velopper. Tout d\u2019abord, am\u00e9liorer la plateforme sur laquelle les livres num\u00e9riques sont lus, ainsi que favoriser l\u2019accessibilit\u00e9 des ouvrages\u00a0\u00bb, a poursuivi Mme Baril, en pr\u00e9cisant que Biblius est tout sauf une copie conforme de Pr\u00eatNum\u00e9rique, une autre biblioth\u00e8que num\u00e9rique g\u00e9r\u00e9e par Bibliopresto qui est, elle, destin\u00e9e au grand public.<\/p>\n<p>\u00ab\u00a0Il y avait aussi le volet consistant \u00e0 brancher les \u00e9coles; depuis l\u2019an dernier, tout le secteur public est branch\u00e9; la tr\u00e8s grande majorit\u00e9 des \u00e9coles priv\u00e9es sont branch\u00e9es, via des portails scolaires. Et toutes les \u00e9coles des Premi\u00e8res Nations non conventionn\u00e9es sont elles aussi branch\u00e9es. La presque enti\u00e8ret\u00e9 du r\u00e9seau scolaire qu\u00e9b\u00e9cois est branch\u00e9e \u00e0 Biblius.\u00a0\u00bb<\/p>\n<p>Toujours selon Mme Baril, le troisi\u00e8me volet consiste \u00e0 faire conna\u00eetre ce service, et \u00e0 favoriser son adoption.<\/p>\n<p>\u00ab\u00a0Chez Bibliopresto, nous travaillons sur ces trois volets; on a d\u2019ailleurs vu les fruits de ces efforts. Comme dans d\u2019autres projets similaires, il y a bien souvent un premier 20% (de public, NDLR) relativement facile \u00e0 aller chercher, appelons-les les enthousiastes. Puis, il y a le 60% \u00ab\u00a0normal\u00a0\u00bb, et \u00e9ventuellement les 20% de \u00ab\u00a0r\u00e9sistance\u00a0\u00bb\u00bb, dit-elle.<\/p>\n<p>\u00ab\u00a0C\u2019est d\u2019ailleurs dans la tranche de 60% que nous allons chercher des gens qui nous disent \u00ab\u00a0ah, je ne savais pas que \u00e7a existait, c\u2019est super, je l\u2019utilise\u00a0\u00bb. On voyait ainsi la courbe de croissance du nombre de pr\u00eats, qui ressemblait un peu \u00e0 celle de Pr\u00eatNum\u00e9rique, \u00e0 la m\u00eame \u00e9tape de son d\u00e9veloppement. Et tout d\u2019un coup, la courbe de Biblius s\u2019est mise \u00e0 cro\u00eetre bien plus rapidement.\u00a0\u00bb<\/p>\n<p>La raison de cet engouement? \u00ab\u00a0Beaucoup, beaucoup d\u2019activit\u00e9s de repr\u00e9sentation\u00a0\u00bb, explique d\u2019abord Chlo\u00e9 Baril.<\/p>\n<p>\u00ab\u00a0La r\u00e9ponse a \u00e9t\u00e9 bien au-del\u00e0 de ce que l\u2019on pr\u00e9voyait et esp\u00e9rait. En fait, on a atteint les deux millions de pr\u00eats en septembre 2024, soit en d\u00e9but d\u2019ann\u00e9e scolaire \u2013 le plus gros des emprunts s\u2019effectue durant les classes, m\u00eame si Biblius est accessible \u00e0 l\u2019ann\u00e9e.\u00a0\u00bb<\/p>\n<p>Un produit \u00ab\u00a0bien con\u00e7u, qui r\u00e9pond \u00e0 un besoin\u00a0\u00bb<\/p>\n<p>De l\u2019avis de Mme Baril, d\u2019ailleurs, l\u2019\u00e9quipe de Biblius pr\u00e9voyait atteindre les trois millions de pr\u00eats en septembre de cette ann\u00e9e. \u00ab\u00a0Mai [2025] est arriv\u00e9 et nous nous sommes dit: \u00ab\u00a0Houl\u00e0! On commence \u00e0 fr\u00f4ler le trois millions!\u00a0\u00bb Cette ligne a finalement \u00e9t\u00e9 franchie quelques jours avant les vacances scolaires; cela signifie que ce produit-l\u00e0 a \u00e9t\u00e9 bien con\u00e7u et qu\u2019il r\u00e9pond \u00e0 un besoin.\u00a0\u00bb<\/p>\n<p>Une autre raison, derri\u00e8re ce succ\u00e8s plus rapide qu\u2019anticip\u00e9, est qu\u2019au contraire de Pr\u00eatNum\u00e9rique, Biblius ne fonctionne pas \u00e0 coups d\u2019emprunts individuels; lorsqu\u2019un enseignant s\u00e9lectionne un livre pour sa classe, c\u2019est l\u2019ensemble de ses \u00e9l\u00e8ves qui empruntent le m\u00eame ouvrage, tous en en m\u00eame temps.<\/p>\n<p>Encore mieux, les emprunts demeureraient nombreux durant les vacances estivales, mais cette fois sur une base personnelle: \u00ab\u00a0Cela veut dire que l\u2019enfant a pris l\u2019habitude de consid\u00e9rer Biblius comme une biblioth\u00e8que num\u00e9rique scolaire, mais contrairement \u00e0 une salle dans l\u2019\u00e9cole, le concierge n\u2019a pas ferm\u00e9 les portes. Il est donc possible de continuer \u00e0 emprunter pendant les vacances\u00a0\u00bb, mentionne Chlo\u00e9 Baril.<\/p>\n<p>\u00ab\u00a0Cela semble anodin, mais cela permet de lutter contre la \u00ab\u00a0glissade de l\u2019\u00e9t\u00e9\u00a0\u00bb, durant laquelle les enfants perdent des connaissances pendant des vacances.\u00a0\u00bb<\/p>\n<p>Tout porte donc \u00e0 croire que Biblius continuera de voir ses statistiques augmenter rapidement. D\u2019autant plus qu\u2019en ces temps budg\u00e9taires incertains, pour le secteur de l\u2019\u00e9ducation, acheter un exemplaire num\u00e9rique d\u2019un livre est \u00e9videmment moins dispendieux qu\u2019en commander plusieurs centaines, voire plusieurs milliers de copies physiques.<\/p>\n<p>\u00ab\u00a0Pour nous, c\u2019est essentiel de montrer l\u2019importance de cette biblioth\u00e8que partag\u00e9e \u2013 dans laquelle les \u00e9coles peuvent piger \u2013, en plus du d\u00e9veloppement des collections locales, dans les diff\u00e9rents \u00e9tablissements, pour prouver que ce n\u2019est pas le num\u00e9rique qui remplace le physique, mais que ce sont vraiment des produits compl\u00e9mentaires\u00a0\u00bb, conclut d\u2019ailleurs Chlo\u00e9 Baril.<\/p>\n<p><a href=\"https:\/\/www.pieuvre.ca\/infolettre-2\/\" rel=\"nofollow noopener\" target=\"_blank\">Abonnez-vous \u00e0 notre infolettre tentaculaire<\/a><br \/>\n<a href=\"https:\/\/www.pieuvre.ca\/patreon-abonnement\/\" rel=\"nofollow noopener\" target=\"_blank\">Encouragez-nous pour le prix d\u2019un caf\u00e9<\/a><\/p>\n","protected":false},"excerpt":{"rendered":"Trois millions de livres emprunt\u00e9s, au bas mot: lanc\u00e9 en 2019, le service Biblius, une biblioth\u00e8que scolaire num\u00e9rique&hellip;\n","protected":false},"author":2,"featured_media":297117,"comment_status":"","ping_status":"","sticky":false,"template":"","format":"standard","meta":{"footnotes":""},"categories":[1357],"tags":[1379,58,59,1011,27,1380],"class_list":{"0":"post-297116","1":"post","2":"type-post","3":"status-publish","4":"format-standard","5":"has-post-thumbnail","7":"category-livres","8":"tag-books","9":"tag-divertissement","10":"tag-entertainment","11":"tag-fr","12":"tag-france","13":"tag-livres"},"share_on_mastodon":{"url":"https:\/\/pubeurope.com\/@fr\/114973920779361308","error":""},"_links":{"self":[{"href":"https:\/\/www.europesays.com\/fr\/wp-json\/wp\/v2\/posts\/297116","targetHints":{"allow":["GET"]}}],"collection":[{"href":"https:\/\/www.europesays.com\/fr\/wp-json\/wp\/v2\/posts"}],"about":[{"href":"https:\/\/www.europesays.com\/fr\/wp-json\/wp\/v2\/types\/post"}],"author":[{"embeddable":true,"href":"https:\/\/www.europesays.com\/fr\/wp-json\/wp\/v2\/users\/2"}],"replies":[{"embeddable":true,"href":"https:\/\/www.europesays.com\/fr\/wp-json\/wp\/v2\/comments?post=297116"}],"version-history":[{"count":0,"href":"https:\/\/www.europesays.com\/fr\/wp-json\/wp\/v2\/posts\/297116\/revisions"}],"wp:featuredmedia":[{"embeddable":true,"href":"https:\/\/www.europesays.com\/fr\/wp-json\/wp\/v2\/media\/297117"}],"wp:attachment":[{"href":"https:\/\/www.europesays.com\/fr\/wp-json\/wp\/v2\/media?parent=297116"}],"wp:term":[{"taxonomy":"category","embeddable":true,"href":"https:\/\/www.europesays.com\/fr\/wp-json\/wp\/v2\/categories?post=297116"},{"taxonomy":"post_tag","embeddable":true,"href":"https:\/\/www.europesays.com\/fr\/wp-json\/wp\/v2\/tags?post=297116"}],"curies":[{"name":"wp","href":"https:\/\/api.w.org\/{rel}","templated":true}]}}