{"id":297118,"date":"2025-08-05T02:59:18","date_gmt":"2025-08-05T02:59:18","guid":{"rendered":"https:\/\/www.europesays.com\/fr\/297118\/"},"modified":"2025-08-05T02:59:18","modified_gmt":"2025-08-05T02:59:18","slug":"a-30-km-h-les-chaumontais-auraient-la-belle-vie","status":"publish","type":"post","link":"https:\/\/www.europesays.com\/fr\/297118\/","title":{"rendered":"A 30 km\/h, les Chaumontais auraient \u00ab\u00a0la belle vie\u00a0\u00bb\u00a0"},"content":{"rendered":"<p><strong>Chaque mardi, jhm quotidien pose une question de soci\u00e9t\u00e9 aux habitants de la cit\u00e9-pr\u00e9fecture. Cette semaine, l\u2019interrogation est la suivante : pour ou contre une limitation dans toute la ville \u00e0 30 km\/h ?\u00a0<\/strong><\/p>\n<p>Dans le centre-ville, il est impossible de ne pas tomber sur une rue ou avenue \u00e0 30 km\/h. R\u00e9duire \u00e0 cette vitesse \u00e9tait une volont\u00e9 de la maire de Chaumont, <a href=\"https:\/\/jhm.fr\/les-riverains-veulent-vivre-dans-une-ville-apaisee\/\" rel=\"nofollow noopener\" target=\"_blank\">Christine Guillemy<\/a>, et ce ne sont pas les habitants qui vont lui donner tort. Ils ne seraient pas contre non plus de voir l\u2019ensemble de la commune passer \u00e0 cette vitesse. C\u2019est le cas de Guillaume, tout juste papa, il y a un mois, d\u2019Emile. Il d\u00e9plore que \u00ab sur les grands axes, les automobilistes roulent facilement \u00e0 70 km\/h. Lorsqu\u2019on a des petits gar\u00e7ons qui sont vuln\u00e9rables,\u00a0on se rend encore plus compte de la dangerosit\u00e9 des voitures. Vous voulez traverser sur les boulevards le soir, bon courage. Si on baisse la limitation de la vitesse de la ville, il faudrait alors qu\u2019il y ait encore plus de contr\u00f4les.\u00a0\u00bb<\/p>\n<blockquote class=\"wp-block-quote \">\n<p>\u00ab\u00a0Les automobilistes roulent facilement \u00e0 70 km\/h\u00a0\u00bb<\/p>\n<p>                    Guillaume<br \/>\n                            Jeune papa\u00a0\n<\/p><\/blockquote>\n<p>En famille, Brigitte, Laurine et Ma\u00eblys se sentent plut\u00f4t en s\u00e9curit\u00e9 quand la vitesse est baiss\u00e9e pour tous.\u00a0\u00ab Avec les trottinettes maintenant et les v\u00e9los qui roulent n\u2019importe comment, en rajoutant les automobilistes imprudents, on n\u2019est plus trop en s\u00e9curit\u00e9 sur les trottoirs.\u00a0\u00bb\u00a0\u00a0<\/p>\n<p>Assis sur un banc, quelques m\u00e8tres plus loin, Jean-Pierre et Sylvie discutent de la pluie et du beau temps.\u00a0\u00ab Mon fils habite avenue Carnot o\u00f9 c\u2019est limit\u00e9 \u00e0 30 km\/h mais personne ne respecte\u00a0\u00bb, d\u00e9plore la retrait\u00e9e. \u00ab Il y a d\u00e9j\u00e0 \u00e9norm\u00e9ment de routes du centre \u00e0 30. Toutes, \u00e7a peut \u00eatre une bonne id\u00e9e\u00a0\u00bb, explique Jean-Pierre.\u00a0<\/p>\n<p>De leur c\u00f4t\u00e9, deux jeunes, Eva et Lucie, souhaitent que la ville reste \u00e0 50 km\/h.\u00a0\u00ab Je ne pense pas que ce soit appropri\u00e9 \u00e0 une ville comme Chaumont \u00bb, d\u00e9plorent-elles. D\u2019autres ont fait des constatations.\u00a0\u00ab Malheureusement, <a href=\"https:\/\/jhm.fr\/place-de-livraison-en-plus-rue-victoire-de-la-marne\/\" rel=\"nofollow noopener\" target=\"_blank\">rue Victoire-de-la-Marne<\/a>, il n\u2019y a pas de passage pi\u00e9tons et pensez-vous qu\u2019une voiture, vous laissera passer ? Non !\u00a0Il y a un manque clair de civisme chez certains.\u00a0\u00bb<\/p>\n<p>A la question : \u00ab Et un centre-ville pi\u00e9ton, cela vous conviendrait ? \u00bb La majorit\u00e9 r\u00e9pond positivement \u00e0 condition que le r\u00e9seau de bus et de stationnement soit suffisant. Mais comme les critiques le disent souvent : \u00ab Si les automobilistes pouvaient rentrer avec leurs voitures dans les magasins, ils le feraient\u00a0\u00bb.\u00a0<\/p>\n<p>Outre l\u2019id\u00e9e du 30 km\/h, la volont\u00e9 d\u2019un centre-ville pi\u00e9ton ?\u00a0<\/p>\n<p>Autre grand d\u00e9fenseur de \u00ab\u00a0la ville \u00e0 30\u2033, l\u2019association Chaumont \u00e0 pied, \u00e0 v\u00e9lo. Ces derniers pensent que cette limitation permettrait de\u00a0\u00ab fluidifier la ville. On s\u2019est aper\u00e7u que si on faisait tout le trajet \u00e0 30 km\/h, on \u00e9vitait les freinages excessifs et on aurait une ville plus apais\u00e9e\u00a0\u00bb, nous confiait-t-elle dans <a href=\"https:\/\/jhm.fr\/l-association-qui-veut-le-30-km-h-a-chaumont\/\" rel=\"nofollow noopener\" target=\"_blank\">jhm quotidien<\/a> du 25 f\u00e9vrier 2024.\u00a0<\/p>\n<p>Selon <a href=\"https:\/\/www.40millionsdautomobilistes.com\/fiche-pratique\/30km-h-en-ville-une-bonne-idee\" target=\"_blank\" rel=\"noopener nofollow\">40 millions d\u2019automobilistes<\/a>, les zones 30 sont adapt\u00e9es \u00e0 certaines zones (abords des \u00e9coles ou rues pi\u00e9tonnes), mais pas pour toutes car cela pousserait \u00e0 la cr\u00e9ation de nombreux bouchons tout en augmentant les \u00e9missions de gaz \u00e0 effet de serre. Alors, \u00e0 vos compteurs, chers automobilistes !\u00a0<\/p>\n<p><strong>Julien Voirin\u00a0<\/strong><\/p>\n<p><a href=\"https:\/\/jhm.fr\/a-30-km-h-les-chaumontais-auraient-la-belle-vie\/mailto:j.voirin@jhm.fr\" rel=\"nofollow noopener\" target=\"_blank\">j.voirin@jhm.fr<\/a><\/p>\n","protected":false},"excerpt":{"rendered":"Chaque mardi, jhm quotidien pose une question de soci\u00e9t\u00e9 aux habitants de la cit\u00e9-pr\u00e9fecture. Cette semaine, l\u2019interrogation est&hellip;\n","protected":false},"author":2,"featured_media":297119,"comment_status":"","ping_status":"","sticky":false,"template":"","format":"standard","meta":{"footnotes":""},"categories":[1356],"tags":[58,59,1011,27,252,1364],"class_list":{"0":"post-297118","1":"post","2":"type-post","3":"status-publish","4":"format-standard","5":"has-post-thumbnail","7":"category-television","8":"tag-divertissement","9":"tag-entertainment","10":"tag-fr","11":"tag-france","12":"tag-television","13":"tag-tv"},"share_on_mastodon":{"url":"https:\/\/pubeurope.com\/@fr\/114973924757716058","error":""},"_links":{"self":[{"href":"https:\/\/www.europesays.com\/fr\/wp-json\/wp\/v2\/posts\/297118","targetHints":{"allow":["GET"]}}],"collection":[{"href":"https:\/\/www.europesays.com\/fr\/wp-json\/wp\/v2\/posts"}],"about":[{"href":"https:\/\/www.europesays.com\/fr\/wp-json\/wp\/v2\/types\/post"}],"author":[{"embeddable":true,"href":"https:\/\/www.europesays.com\/fr\/wp-json\/wp\/v2\/users\/2"}],"replies":[{"embeddable":true,"href":"https:\/\/www.europesays.com\/fr\/wp-json\/wp\/v2\/comments?post=297118"}],"version-history":[{"count":0,"href":"https:\/\/www.europesays.com\/fr\/wp-json\/wp\/v2\/posts\/297118\/revisions"}],"wp:featuredmedia":[{"embeddable":true,"href":"https:\/\/www.europesays.com\/fr\/wp-json\/wp\/v2\/media\/297119"}],"wp:attachment":[{"href":"https:\/\/www.europesays.com\/fr\/wp-json\/wp\/v2\/media?parent=297118"}],"wp:term":[{"taxonomy":"category","embeddable":true,"href":"https:\/\/www.europesays.com\/fr\/wp-json\/wp\/v2\/categories?post=297118"},{"taxonomy":"post_tag","embeddable":true,"href":"https:\/\/www.europesays.com\/fr\/wp-json\/wp\/v2\/tags?post=297118"}],"curies":[{"name":"wp","href":"https:\/\/api.w.org\/{rel}","templated":true}]}}