{"id":297122,"date":"2025-08-05T03:01:19","date_gmt":"2025-08-05T03:01:19","guid":{"rendered":"https:\/\/www.europesays.com\/fr\/297122\/"},"modified":"2025-08-05T03:01:19","modified_gmt":"2025-08-05T03:01:19","slug":"dracula-de-luc-besson-cinquieme-meilleur-demarrage-de-lannee-pour-un-film-francais","status":"publish","type":"post","link":"https:\/\/www.europesays.com\/fr\/297122\/","title":{"rendered":"\u00ab\u00a0Dracula\u00a0\u00bb de Luc Besson\u00a0: cinqui\u00e8me meilleur d\u00e9marrage de l\u2019ann\u00e9e pour un film fran\u00e7ais"},"content":{"rendered":"<p class=\"paragraph text_align_left lp-f-body-02\">Sans aucun doute, le r\u00e9alisateur du \u00ab Grand Bleu \u00bb esp\u00e9rait mieux. Apr\u00e8s son premier week-end d\u2019exploitation en salles, \u00ab <a href=\"https:\/\/www.leparisien.fr\/culture-loisirs\/cinema\/luc-besson-sort-son-dracula-je-ne-suis-pas-fan-de-films-dhorreur-29-07-2025-PFQMYCJWEBCPDBCZW4IEYTWJYE.php\" target=\"_blank\" rel=\"noreferrer nofollow noopener\">Dracula <\/a>\u00bb de Luc Besson, sorti en salles le 30 juillet, enregistre 215 348 entr\u00e9es sur 559 \u00e9crans, selon les chiffres publi\u00e9s ce lundi soir. Soit cinqui\u00e8me meilleur d\u00e9marrage de l\u2019ann\u00e9e pour un film fran\u00e7ais, et deuxi\u00e8me position du box-office du week-end, derri\u00e8re \u00ab <a href=\"https:\/\/www.leparisien.fr\/culture-loisirs\/cinema\/les-bad-guys-2-plus-droles-plus-fous-plus-forts-le-retour-en-fanfare-des-animaux-escrocs-30-07-2025-H2R4TI3DFBECPB3ORR7IWRQPIE.php\" target=\"_blank\" rel=\"noreferrer nofollow noopener\">Les Bad Guys 2<\/a> \u00bb, qui a attir\u00e9 316 319 spectateurs de mercredi \u00e0 dimanche.<\/p>\n<p class=\"paragraph text_align_left lp-f-body-02\">Accueilli plut\u00f4t froidement par les critiques, le blockbuster port\u00e9 par Caleb Landry Jones d\u00e9passe n\u00e9anmoins largement l\u2019accueil r\u00e9serv\u00e9 en 2023 au pr\u00e9c\u00e9dent film du r\u00e9alisateur, \u00ab <a href=\"https:\/\/www.leparisien.fr\/culture-loisirs\/cinema\/le-grand-retour-de-luc-besson-que-vaut-dogman-son-nouveau-film-tant-attendu-31-08-2023-G5NB3RPJL5DCLNA23P5Q5BD6BI.php\" target=\"_blank\" rel=\"noreferrer nofollow noopener\">Dogman<\/a> \u00bb. Le long-m\u00e9trage avait alors attir\u00e9 \u00e0 peine 140 000 spectateurs, lors de sa premi\u00e8re semaine de sortie.<\/p>\n","protected":false},"excerpt":{"rendered":"Sans aucun doute, le r\u00e9alisateur du \u00ab Grand Bleu \u00bb esp\u00e9rait mieux. Apr\u00e8s son premier week-end d\u2019exploitation en&hellip;\n","protected":false},"author":2,"featured_media":297123,"comment_status":"","ping_status":"","sticky":false,"template":"","format":"standard","meta":{"footnotes":""},"categories":[1354],"tags":[650,872,58,59,1346,1011,27,1360],"class_list":{"0":"post-297122","1":"post","2":"type-post","3":"status-publish","4":"format-standard","5":"has-post-thumbnail","7":"category-films","8":"tag-cinema","9":"tag-culture-et-loisirs","10":"tag-divertissement","11":"tag-entertainment","12":"tag-films","13":"tag-fr","14":"tag-france","15":"tag-movies"},"share_on_mastodon":{"url":"https:\/\/pubeurope.com\/@fr\/114973932668421683","error":""},"_links":{"self":[{"href":"https:\/\/www.europesays.com\/fr\/wp-json\/wp\/v2\/posts\/297122","targetHints":{"allow":["GET"]}}],"collection":[{"href":"https:\/\/www.europesays.com\/fr\/wp-json\/wp\/v2\/posts"}],"about":[{"href":"https:\/\/www.europesays.com\/fr\/wp-json\/wp\/v2\/types\/post"}],"author":[{"embeddable":true,"href":"https:\/\/www.europesays.com\/fr\/wp-json\/wp\/v2\/users\/2"}],"replies":[{"embeddable":true,"href":"https:\/\/www.europesays.com\/fr\/wp-json\/wp\/v2\/comments?post=297122"}],"version-history":[{"count":0,"href":"https:\/\/www.europesays.com\/fr\/wp-json\/wp\/v2\/posts\/297122\/revisions"}],"wp:featuredmedia":[{"embeddable":true,"href":"https:\/\/www.europesays.com\/fr\/wp-json\/wp\/v2\/media\/297123"}],"wp:attachment":[{"href":"https:\/\/www.europesays.com\/fr\/wp-json\/wp\/v2\/media?parent=297122"}],"wp:term":[{"taxonomy":"category","embeddable":true,"href":"https:\/\/www.europesays.com\/fr\/wp-json\/wp\/v2\/categories?post=297122"},{"taxonomy":"post_tag","embeddable":true,"href":"https:\/\/www.europesays.com\/fr\/wp-json\/wp\/v2\/tags?post=297122"}],"curies":[{"name":"wp","href":"https:\/\/api.w.org\/{rel}","templated":true}]}}