{"id":297124,"date":"2025-08-05T03:02:10","date_gmt":"2025-08-05T03:02:10","guid":{"rendered":"https:\/\/www.europesays.com\/fr\/297124\/"},"modified":"2025-08-05T03:02:10","modified_gmt":"2025-08-05T03:02:10","slug":"voici-lage-ou-votre-corps-commence-reellement-a-vieillir-selon-une-etude-scientifique-2","status":"publish","type":"post","link":"https:\/\/www.europesays.com\/fr\/297124\/","title":{"rendered":"Voici l&rsquo;\u00e2ge o\u00f9 votre corps commence r\u00e9ellement \u00e0 vieillir, selon une \u00e9tude scientifique"},"content":{"rendered":"<p>Le <strong>vieillissement du corps humain<\/strong> n\u2019avance pas toujours au m\u00eame rythme. Si l\u2019on croit \u00e0 une lente \u00e9rosion des fonctions vitales \u00e9tal\u00e9e sur plusieurs d\u00e9cennies, la r\u00e9alit\u00e9 serait bien plus complexe. Une \u00e9quipe de chercheurs chinois, en s\u2019appuyant sur l\u2019analyse pouss\u00e9e de centaines de tissus humains, a mis en lumi\u00e8re un ph\u00e9nom\u00e8ne inattendu : les organes n\u2019usent pas tous leur temps au m\u00eame tempo, et il existerait un moment pr\u00e9cis o\u00f9 ce <strong>vieillissement s\u2019acc\u00e9l\u00e8re nettement<\/strong>. Un point de bascule o\u00f9 le corps commence \u00e0 perdre du terrain de mani\u00e8re plus marqu\u00e9e.<\/p>\n<p>    Le corps entre dans une nouvelle phase de vieillissement <\/p>\n<p data-start=\"643\" data-end=\"1254\">Ce tournant, les experts l\u2019ont <strong>situ\u00e9 entre 45 et 55 ans,<\/strong> avec un \u00e2ge m\u00e9dian autour de 50 ans, rapporte le magazine scientifique <a href=\"https:\/\/www.cell.com\/cell\/abstract\/S0092-8674(25)00749-4?_returnURL=https%3A%2F%2Flinkinghub.elsevier.com%2Fretrieve%2Fpii%2FS0092867425007494%3Fshowall%3Dtrue\" target=\"_blank\" rel=\"nofollow noopener\">Cell<\/a>. C\u2019est \u00e0 ce moment-l\u00e0 que les donn\u00e9es recueillies \u00e0 partir de 516 \u00e9chantillons de tissus humains, pr\u00e9lev\u00e9s sur des personnes \u00e2g\u00e9es de 14 \u00e0 68 ans d\u00e9c\u00e9d\u00e9es d\u2019un traumatisme cr\u00e2nien, ont r\u00e9v\u00e9l\u00e9 un changement net. \u00ab Les analyses temporelles montrent qu\u00a0\u00bbil existe une inflexion du vieillissement <strong>autour de 50 ans<\/strong>, les vaisseaux sanguins prenant de l&rsquo;\u00e2ge encore plus t\u00f4t \u00bb, explique Guanghui Liu, auteur de l\u2019\u00e9tude. Ce n\u2019est pas un organe en particulier qui flanche, mais bien l\u2019ensemble du corps qui entre dans une nouvelle phase.<\/p>\n<p data-start=\"1256\" data-end=\"1805\">Les chercheurs ont d\u00e9couvert que cette acc\u00e9l\u00e9ration \u00e9tait corr\u00e9l\u00e9e \u00e0 une <strong>modification de l\u2019activit\u00e9 hormonale<\/strong>. Au total, 47 hormones voient leur production s\u2019intensifier \u00e0 cette p\u00e9riode de la vie, bouleversant l\u2019\u00e9quilibre interne. En exc\u00e8s, ces substances perturbent les tissus, r\u00e9duisent les capacit\u00e9s de r\u00e9g\u00e9n\u00e9ration et participent activement au <a href=\"https:\/\/www.grazia.fr\/beaute\/un-destructeur-de-collagene-qui-vous-fait-vieillir-avant-lheure-selon-une-experte-cet-aliment-accelere-lapparition-des-rides-1071147.html\" rel=\"nofollow noopener\" target=\"_blank\">vieillissement pr\u00e9matur\u00e9 de plusieurs syst\u00e8mes<\/a>, du c\u0153ur \u00e0 la peau. Chaque <strong>organe r\u00e9agit \u00e0 sa mani\u00e8re<\/strong>, mais tous semblent subir l\u2019effet d\u2019un d\u00e9s\u00e9quilibre g\u00e9n\u00e9ralis\u00e9 initi\u00e9 autour de cette tranche d\u2019\u00e2ge.<\/p>\n<p>    Quand les vaisseaux trahissent le vieillissement du corps <\/p>\n<p data-start=\"1807\" data-end=\"2291\">Parmi les premiers signes rep\u00e9r\u00e9s, les <strong>vaisseaux sanguins se d\u00e9marquent<\/strong>. D\u00e8s l\u2019\u00e2ge de 30 ans, les chercheurs ont observ\u00e9 des transformations notables dans l\u2019aorte. Ce <a href=\"https:\/\/www.grazia.fr\/lifestyle\/psycho-sexo\/bien-avant-40-ans-voici-le-veritable-age-a-partir-duquel-le-cerveau-vieillit-1157852.html\" rel=\"nofollow noopener\" target=\"_blank\">vieillissement vasculaire pr\u00e9coce pourrait expliquer<\/a> pourquoi certains organes se retrouvent plus expos\u00e9s que d\u2019autres \u00e0 cette d\u00e9rive biologique. Les vaisseaux ne seraient pas de simples conduits, mais des vecteurs actifs, amplifiant la diffusion des signaux <strong>li\u00e9s \u00e0 la d\u00e9g\u00e9n\u00e9rescence cellulaire<\/strong> dans tout l\u2019organisme.<\/p>\n<p data-start=\"2293\" data-end=\"2881\">Au c\u0153ur de cette m\u00e9canique, une prot\u00e9ine intrigue particuli\u00e8rement les scientifiques : GAS6. \u00c9galement connue sous le nom de \u00ab g\u00e8ne sp\u00e9cifique 6 \u00bb, elle semble jouer un <strong>r\u00f4le cl\u00e9 dans le processus<\/strong>. Inject\u00e9e lors d\u2019essais, elle a provoqu\u00e9 un vieillissement pr\u00e9matur\u00e9 de plusieurs organes, une alt\u00e9ration de l\u2019\u00e9quilibre et des dommages visibles au niveau des vaisseaux. \u00ab Les vaisseaux sanguins semblent agir comme des couloirs conduisant les mol\u00e9cules \u00e0 l&rsquo;origine du vieillissement \u00bb, pr\u00e9cise \u00e0 nouveau Guanghui Liu, soulignant la<strong> vuln\u00e9rabilit\u00e9 du syst\u00e8me circulatoire<\/strong> dans cette dynamique.<\/p>\n<blockquote class=\"instagram-media \" style=\"background: #ffffff;border: 0;margin: 1px;width: 100%;padding: 0;max-width: 500px;\" data-instgrm-permalink=\"https:\/\/www.instagram.com\/reel\/DHyoH8WMYXG\/\" data-instgrm-version=\"14\"\/><p> Mieux comprendre le corps pour freiner le vieillissement <\/p>\n<p data-start=\"2883\" data-end=\"3334\">Ce basculement biologique vers la cinquantaine n\u2019est donc ni invisible, ni uniforme. Il se manifeste \u00e0 travers des <strong>d\u00e9s\u00e9quilibres pr\u00e9cis<\/strong>, une activit\u00e9 hormonale en surchauffe et des organes qui r\u00e9agissent de fa\u00e7on diff\u00e9renci\u00e9e. Pour les chercheurs, identifier ce moment critique ouvre la voie \u00e0 de nouvelles strat\u00e9gies : en ciblant les m\u00e9canismes en amont, il serait peut-\u00eatre possible d\u2019en <strong>ralentir les effets<\/strong> avant qu\u2019ils ne deviennent irr\u00e9versibles.<\/p>\n<p data-start=\"3336\" data-end=\"3712\" data-is-last-node=\"\" data-is-only-node=\"\">\u00c0 l\u2019avenir, ces d\u00e9couvertes pourraient bouleverser <a href=\"https:\/\/www.grazia.fr\/beaute\/je-veux-juste-bien-vieillir-eva-longoria-50-ans-revele-son-secret-pour-ralentir-les-effets-du-temps-1174877.html\" rel=\"nofollow noopener\" target=\"_blank\">notre mani\u00e8re d\u2019aborder le vieillissement<\/a>. Plut\u00f4t que de le consid\u00e9rer comme une fatalit\u00e9 lin\u00e9aire, on pourrait <strong>apprendre \u00e0 l\u2019anticiper<\/strong>, \u00e0 en rep\u00e9rer les signaux pr\u00e9coces, et \u00e0 en freiner l\u2019acc\u00e9l\u00e9ration. Le temps, lui, continue de faire son \u0153uvre. Mais notre compr\u00e9hension de ses effets, elle, <strong>pourrait bien changer la donne.<\/strong><\/p>\n<p>                <script async src=\"\/\/www.instagram.com\/embed.js\"><\/script><\/p>\n","protected":false},"excerpt":{"rendered":"Le vieillissement du corps humain n\u2019avance pas toujours au m\u00eame rythme. Si l\u2019on croit \u00e0 une lente \u00e9rosion&hellip;\n","protected":false},"author":2,"featured_media":297125,"comment_status":"","ping_status":"","sticky":false,"template":"","format":"standard","meta":{"footnotes":""},"categories":[10],"tags":[1011,27,72,71],"class_list":{"0":"post-297124","1":"post","2":"type-post","3":"status-publish","4":"format-standard","5":"has-post-thumbnail","7":"category-sante","8":"tag-fr","9":"tag-france","10":"tag-health","11":"tag-sante"},"share_on_mastodon":{"url":"https:\/\/pubeurope.com\/@fr\/114973936420696838","error":""},"_links":{"self":[{"href":"https:\/\/www.europesays.com\/fr\/wp-json\/wp\/v2\/posts\/297124","targetHints":{"allow":["GET"]}}],"collection":[{"href":"https:\/\/www.europesays.com\/fr\/wp-json\/wp\/v2\/posts"}],"about":[{"href":"https:\/\/www.europesays.com\/fr\/wp-json\/wp\/v2\/types\/post"}],"author":[{"embeddable":true,"href":"https:\/\/www.europesays.com\/fr\/wp-json\/wp\/v2\/users\/2"}],"replies":[{"embeddable":true,"href":"https:\/\/www.europesays.com\/fr\/wp-json\/wp\/v2\/comments?post=297124"}],"version-history":[{"count":0,"href":"https:\/\/www.europesays.com\/fr\/wp-json\/wp\/v2\/posts\/297124\/revisions"}],"wp:featuredmedia":[{"embeddable":true,"href":"https:\/\/www.europesays.com\/fr\/wp-json\/wp\/v2\/media\/297125"}],"wp:attachment":[{"href":"https:\/\/www.europesays.com\/fr\/wp-json\/wp\/v2\/media?parent=297124"}],"wp:term":[{"taxonomy":"category","embeddable":true,"href":"https:\/\/www.europesays.com\/fr\/wp-json\/wp\/v2\/categories?post=297124"},{"taxonomy":"post_tag","embeddable":true,"href":"https:\/\/www.europesays.com\/fr\/wp-json\/wp\/v2\/tags?post=297124"}],"curies":[{"name":"wp","href":"https:\/\/api.w.org\/{rel}","templated":true}]}}