{"id":297141,"date":"2025-08-05T03:15:11","date_gmt":"2025-08-05T03:15:11","guid":{"rendered":"https:\/\/www.europesays.com\/fr\/297141\/"},"modified":"2025-08-05T03:15:11","modified_gmt":"2025-08-05T03:15:11","slug":"il-va-accueillir-2-700-etudiants-le-campus-sante-montety-prepare-sa-premiere-rentree-a-toulon","status":"publish","type":"post","link":"https:\/\/www.europesays.com\/fr\/297141\/","title":{"rendered":"Il va accueillir 2.700 \u00e9tudiants: le campus sant\u00e9 Mont\u00e9ty pr\u00e9pare sa premi\u00e8re rentr\u00e9e \u00e0 Toulon"},"content":{"rendered":"<p>Sur 8.000m\u00e8tres carr\u00e9s, le nouveau campus sant\u00e9 va accueillir sa premi\u00e8re promotion d\u2019\u00e9tudiants d\u00e9but septembre. Le site est d\u00e9j\u00e0 investi par le personnel administratif qui s\u2019emploie \u00e0 rendre cette premi\u00e8re rentr\u00e9e inoubliable tandis qu\u2019\u00e0 l\u2019ext\u00e9rieur, les derniers am\u00e9nagements sont en cours.<\/p>\n<p>La directrice, Josy Chambon, est confiante: \u00ab\u00a0On est dans les temps, m\u00eame si on a eu quelques retards dans les travaux, ce qui arrive fr\u00e9quemment. Mais tous les \u00e9tudiants et le personnel encadrant seront au rendez-vous de la rentr\u00e9e de septembre.\u00a0\u00bb<\/p>\n<p>Concr\u00e8tement, l\u2019institut Mont\u00e9ty se cherche encore un nom d\u00e9finitif mais on l\u2019appelle d\u00e9j\u00e0 l\u2019institut europ\u00e9en des professions de sant\u00e9. Des \u00e9tudiants de toute la France et des pays voisins ont, en effet, \u00e9t\u00e9 s\u00e9lectionn\u00e9s pour suivre une formation professionnelle dans l\u2019une des sp\u00e9cialit\u00e9s de l\u2019\u00e9cole: aide-soignant, infirmier, auxiliaire de pu\u00e9riculture, ergoth\u00e9rapeute, psychomotricien, ambulancier et manipulateur en \u00e9lectro radio m\u00e9dicale. \u00c0 cet effectif s\u2019ajouteront les volontaires pour la pr\u00e9paration aux concours et les \u00e9l\u00e8ves en formation continue pour les professionnels de sant\u00e9 souhaitant se sp\u00e9cialiser.<\/p>\n<p>              <img ci-src=\"https:\/\/www.varmatin.com\/vie-locale\/protec\/DATA_ART_16024953-QdJ6EsOk.jpg?vh=ad8103&amp;ci_seal=c483bf9aad\" alt=\"\"\/><br \/>\n        Josy Chambon, la directrice, en compagnie de la mascotte de l\u2019\u00e9cole.  <\/p>\n<p>                                Inauguration fin septembre<\/p>\n<p>L\u2019\u00e9quipe \u00e9ducative comptera 120 personnes. \u00ab\u00a0Les professeurs et intervenants auront une pr\u00e9rentr\u00e9e. Il ne manquera alors plus que nos \u00e9tudiants!\u00a0\u00bb, ajoute Josy Chambon. \u00ab\u00a0L\u2019inauguration du nouveau site aura lieu fin septembre. On invitera tous les \u00e9lus qui ont accompagn\u00e9 ce projet, au premier rang desquels Hubert Falco qui, maire de Toulon, nous avait c\u00e9d\u00e9 le terrain dans ce beau quartier\u00a0\u00bb. La m\u00e9tropole TPM et la R\u00e9gion ont \u00e9galement soutenu cette op\u00e9ration \u00e0 fort potentiel pour la ville.<\/p>\n<p>En effet, l\u2019arriv\u00e9e de 2700 \u00e9tudiants joue sur les loyers pratiqu\u00e9s dans le secteur et la demande en logements ne cesse de cro\u00eetre \u00e0 l\u2019approche de la rentr\u00e9e.<\/p>\n<p>Depuis la pose de la premi\u00e8re pierre, en d\u00e9cembre 2021, les ouvriers se sont activ\u00e9s non-stop sur le site. \u00a0\u00bb Les amphith\u00e9\u00e2tres, salles de cours, caf\u00e9t\u00e9ria, salles d\u2019\u00e9tudes et parties communes sont pr\u00eats. Le wifi et la connexion seront actifs partout. Il nous reste juste quelques bornes \u00e0 poser\u00a0\u00bb, indique Victor, le responsable de l\u2019informatique.<\/p>\n<p>\u00c9crans tactiles et IA<\/p>\n<p>              <img ci-src=\"https:\/\/www.varmatin.com\/vie-locale\/protec\/DATA_ART_16024955-aJzbeGAN.jpg?vh=d8fef4&amp;ci_seal=34279ea4e7\" alt=\"\"\/><br \/>\n        Les \u00e9quipements sont \u00e0 la pointe de la technologie pour faciliter l\u2019enseignement.  <\/p>\n<p>Des \u00e9crans tactiles seront \u00e9galement disponibles dans chaque salle de cours pour faciliter le travail des \u00e9tudiants. \u00ab\u00a0On va aussi cr\u00e9er des \u00e9v\u00e9nements pour que les \u00e9tudiants travaillent ensemble. Jusqu\u2019ici, les fili\u00e8res ne se rencontraient pas. C\u2019est dommage. On travaillera aussi avec l\u2019intelligence artificielle en prenant ce qui est positif dedans\u00a0\u00bb, ajoute la directrice.<\/p>\n<p>Et, \u00e0 terme, l\u2019institut a d\u00e9j\u00e0 des projets: \u00e9tudier l\u2019opportunit\u00e9 d\u2019\u00e9tendre l\u2019offre de Toulon dans les professions de sant\u00e9. Formations kin\u00e9 ou proth\u00e9siste dentaire? Possible. \u00c0 suivre en 2026.<\/p>\n","protected":false},"excerpt":{"rendered":"Sur 8.000m\u00e8tres carr\u00e9s, le nouveau campus sant\u00e9 va accueillir sa premi\u00e8re promotion d\u2019\u00e9tudiants d\u00e9but septembre. Le site est&hellip;\n","protected":false},"author":2,"featured_media":297142,"comment_status":"","ping_status":"","sticky":false,"template":"","format":"standard","meta":{"footnotes":""},"categories":[9619],"tags":[1111,11,1777,674,1011,27,12,882,25,71,2310,3366],"class_list":{"0":"post-297141","1":"post","2":"type-post","3":"status-publish","4":"format-standard","5":"has-post-thumbnail","7":"category-toulon","8":"tag-actu","9":"tag-actualites","10":"tag-eu","11":"tag-europe","12":"tag-fr","13":"tag-france","14":"tag-news","15":"tag-provence-alpes-cote-dazur","16":"tag-republique-francaise","17":"tag-sante","18":"tag-toulon","19":"tag-vie-locale"},"share_on_mastodon":{"url":"https:\/\/pubeurope.com\/@fr\/114973987474474815","error":""},"_links":{"self":[{"href":"https:\/\/www.europesays.com\/fr\/wp-json\/wp\/v2\/posts\/297141","targetHints":{"allow":["GET"]}}],"collection":[{"href":"https:\/\/www.europesays.com\/fr\/wp-json\/wp\/v2\/posts"}],"about":[{"href":"https:\/\/www.europesays.com\/fr\/wp-json\/wp\/v2\/types\/post"}],"author":[{"embeddable":true,"href":"https:\/\/www.europesays.com\/fr\/wp-json\/wp\/v2\/users\/2"}],"replies":[{"embeddable":true,"href":"https:\/\/www.europesays.com\/fr\/wp-json\/wp\/v2\/comments?post=297141"}],"version-history":[{"count":0,"href":"https:\/\/www.europesays.com\/fr\/wp-json\/wp\/v2\/posts\/297141\/revisions"}],"wp:featuredmedia":[{"embeddable":true,"href":"https:\/\/www.europesays.com\/fr\/wp-json\/wp\/v2\/media\/297142"}],"wp:attachment":[{"href":"https:\/\/www.europesays.com\/fr\/wp-json\/wp\/v2\/media?parent=297141"}],"wp:term":[{"taxonomy":"category","embeddable":true,"href":"https:\/\/www.europesays.com\/fr\/wp-json\/wp\/v2\/categories?post=297141"},{"taxonomy":"post_tag","embeddable":true,"href":"https:\/\/www.europesays.com\/fr\/wp-json\/wp\/v2\/tags?post=297141"}],"curies":[{"name":"wp","href":"https:\/\/api.w.org\/{rel}","templated":true}]}}