{"id":297145,"date":"2025-08-05T03:22:26","date_gmt":"2025-08-05T03:22:26","guid":{"rendered":"https:\/\/www.europesays.com\/fr\/297145\/"},"modified":"2025-08-05T03:22:26","modified_gmt":"2025-08-05T03:22:26","slug":"liserois-quentin-jouffroy-est-toujours-sur-un-nuage","status":"publish","type":"post","link":"https:\/\/www.europesays.com\/fr\/297145\/","title":{"rendered":"l&rsquo;Is\u00e9rois Quentin Jouffroy est toujours sur un nuage"},"content":{"rendered":"<p class=\"question\"><strong>Quentin, il y a un an vous avez remport\u00e9 le titre olympique avec l\u2019\u00e9quipe de France. Vous vous rappelez des \u00e9motions que vous avez v\u00e9cues \u00e0 ce moment\u00a0?<\/strong><\/p>\n<p>\u00ab\u00a0Toujours pas\u00a0! Dans ma vie de sportif, j\u2019ai toujours r\u00eav\u00e9 de faire les Jeux olympiques, mais les gagner, je n\u2019y avais m\u00eame pas pens\u00e9. \u00catre champion olympique, je ne r\u00e9alise toujours pas. \u00c0 part quand je regarde ma m\u00e9daille d\u2019or. C\u2019est toujours indescriptible.\u00a0\u00c0 chaque fois, je n\u2019ai pas les mots pour raconter.\u00a0\u00bb<\/p>\n<p class=\"question\"><strong>Cette finale <a href=\"https:\/\/www.ledauphine.com\/sport\/2024\/08\/10\/l-iserois-quentin-jouffroy-champion-olympique-il-faut-toujours-croire-en-ses-reves\" target=\"_blank\" rel=\"noopener\"> contre la Pologne (3-0)<\/a>, quelle souvenir vous a-t-elle&#8230;<\/strong><\/p>\n","protected":false},"excerpt":{"rendered":"Quentin, il y a un an vous avez remport\u00e9 le titre olympique avec l\u2019\u00e9quipe de France. Vous vous&hellip;\n","protected":false},"author":2,"featured_media":297146,"comment_status":"","ping_status":"","sticky":false,"template":"","format":"standard","meta":{"footnotes":""},"categories":[9566],"tags":[1111,11,2430,112,1777,674,107,1701,1011,27,2731,2732,108,21244,3996,12,25,517,1947,1632],"class_list":{"0":"post-297145","1":"post","2":"type-post","3":"status-publish","4":"format-standard","5":"has-post-thumbnail","7":"category-grenoble","8":"tag-actu","9":"tag-actualites","10":"tag-auvergne-rhone-alpes","11":"tag-edition-grenoble-agglomeration","12":"tag-eu","13":"tag-europe","14":"tag-fil-info","15":"tag-fil-info-sport","16":"tag-fr","17":"tag-france","18":"tag-grenoble","19":"tag-grenoble-bassin","20":"tag-isere","21":"tag-jeux-olympiques-dete","22":"tag-jeux-olympiques","23":"tag-news","24":"tag-republique-francaise","25":"tag-sport","26":"tag-sport-national","27":"tag-volley-ball"},"share_on_mastodon":{"url":"https:\/\/pubeurope.com\/@fr\/114974015071768006","error":""},"_links":{"self":[{"href":"https:\/\/www.europesays.com\/fr\/wp-json\/wp\/v2\/posts\/297145","targetHints":{"allow":["GET"]}}],"collection":[{"href":"https:\/\/www.europesays.com\/fr\/wp-json\/wp\/v2\/posts"}],"about":[{"href":"https:\/\/www.europesays.com\/fr\/wp-json\/wp\/v2\/types\/post"}],"author":[{"embeddable":true,"href":"https:\/\/www.europesays.com\/fr\/wp-json\/wp\/v2\/users\/2"}],"replies":[{"embeddable":true,"href":"https:\/\/www.europesays.com\/fr\/wp-json\/wp\/v2\/comments?post=297145"}],"version-history":[{"count":0,"href":"https:\/\/www.europesays.com\/fr\/wp-json\/wp\/v2\/posts\/297145\/revisions"}],"wp:featuredmedia":[{"embeddable":true,"href":"https:\/\/www.europesays.com\/fr\/wp-json\/wp\/v2\/media\/297146"}],"wp:attachment":[{"href":"https:\/\/www.europesays.com\/fr\/wp-json\/wp\/v2\/media?parent=297145"}],"wp:term":[{"taxonomy":"category","embeddable":true,"href":"https:\/\/www.europesays.com\/fr\/wp-json\/wp\/v2\/categories?post=297145"},{"taxonomy":"post_tag","embeddable":true,"href":"https:\/\/www.europesays.com\/fr\/wp-json\/wp\/v2\/tags?post=297145"}],"curies":[{"name":"wp","href":"https:\/\/api.w.org\/{rel}","templated":true}]}}